{"id":29245,"date":"2026-04-15T11:51:41","date_gmt":"2026-04-15T09:51:41","guid":{"rendered":"https:\/\/prizrenpost.com\/ba\/u-slucaju-capat-sekiraqt-prvo-rociste-se-odrzava-u-ponedjeljak\/"},"modified":"2026-04-15T11:51:41","modified_gmt":"2026-04-15T09:51:41","slug":"u-slucaju-capat-sekiraqt-prvo-rociste-se-odrzava-u-ponedjeljak","status":"publish","type":"post","link":"https:\/\/prizrenpost.com\/ba\/u-slucaju-capat-sekiraqt-prvo-rociste-se-odrzava-u-ponedjeljak\/","title":{"rendered":"U slu\u010daju Capat-Sekiraqt, prvo ro\u010di\u0161te se odr\u017eava u ponedjeljak"},"content":{"rendered":"<p><img decoding=\"async\" src=\"https:\/\/prizrenpost.com\/ba\/wp-content\/uploads\/Capat-Sekiraqet.jpg\" style=\"width:100%;height:auto;margin-bottom:20px\"><\/p>\n<p>Prvo ro\u010di\u0161te u slu\u010daju Capat-Sekiraqet bi\u0107e odr\u017eano slede\u0107eg ponedeljka.<\/p>\n<p>Pretres se o\u010dekuje u 13.15 \u010dasova.<\/p>\n<p>Vest je za Klankosova.tv potvrdila Mirlinda Ga\u0161i, portparol Osnovnog suda u Pri\u0161tini.<\/p>\n<p>&#8220;Obave\u0161tavamo vas da je K. G. na po\u010detku saslu\u0161anja. V.A., R.LL., S.S., F.A., E.LL., D.M., E.M. i V.B. zakazan je za 20. april 2026. u 13:15, rekla je za Klankosova.tv.<\/p>\n<p>Sekiraqa-Capat slu\u010daj da pobolj\u0161amo iskustvo s kola\u010di\u0107ima.<\/p>\n<p> (Google AdSense).<br \/>\n          Klikom na &#8220;Prihvati&#8221;, pristajete na kori\u0161tenje kola\u010di\u0107a u skladu sa<br \/>\n          Politika privatnosti<br \/>\n          i<br \/>\n          Politika kola\u010di\u0107a.<br \/>\n          Nepotrebne kola\u010di\u0107e mo\u017eete odbiti klikom na &#8220;Odbij&#8221;.<\/p>\n<hr style=\"margin:30px 0\">\n<p style=\"font-size:13px;color:#666\">Izvor: <strong>prizrenpost<\/strong><\/p>\n","protected":false},"excerpt":{"rendered":"<p>Prvo ro\u010di\u0161te u slu\u010daju Capat-Sekiraqet bi\u0107e odr\u017eano slede\u0107eg ponedeljka. Pretres se o\u010dekuje u 13.15 \u010dasova. Vest je za Klankosova.tv potvrdila Mirlinda Ga\u0161i, portparol Osnovnog suda u Pri\u0161tini. &#8220;Obave\u0161tavamo vas da je K. G. na po\u010detku saslu\u0161anja. V.A., R.LL., S.S., F.A., E.LL., D.M., E.M. i V.B. zakazan je za 20. april 2026. u 13:15, rekla je [&hellip;]<\/p>\n","protected":false},"author":1,"featured_media":29246,"comment_status":"open","ping_status":"open","sticky":false,"template":"","format":"standard","meta":{"footnotes":""},"categories":[17],"tags":[],"class_list":["post-29245","post","type-post","status-publish","format-standard","has-post-thumbnail","hentry","category-17"],"views":16,"_links":{"self":[{"href":"https:\/\/prizrenpost.com\/ba\/wp-json\/wp\/v2\/posts\/29245","targetHints":{"allow":["GET"]}}],"collection":[{"href":"https:\/\/prizrenpost.com\/ba\/wp-json\/wp\/v2\/posts"}],"about":[{"href":"https:\/\/prizrenpost.com\/ba\/wp-json\/wp\/v2\/types\/post"}],"author":[{"embeddable":true,"href":"https:\/\/prizrenpost.com\/ba\/wp-json\/wp\/v2\/users\/1"}],"replies":[{"embeddable":true,"href":"https:\/\/prizrenpost.com\/ba\/wp-json\/wp\/v2\/comments?post=29245"}],"version-history":[{"count":1,"href":"https:\/\/prizrenpost.com\/ba\/wp-json\/wp\/v2\/posts\/29245\/revisions"}],"predecessor-version":[{"id":29247,"href":"https:\/\/prizrenpost.com\/ba\/wp-json\/wp\/v2\/posts\/29245\/revisions\/29247"}],"wp:featuredmedia":[{"embeddable":true,"href":"https:\/\/prizrenpost.com\/ba\/wp-json\/wp\/v2\/media\/29246"}],"wp:attachment":[{"href":"https:\/\/prizrenpost.com\/ba\/wp-json\/wp\/v2\/media?parent=29245"}],"wp:term":[{"taxonomy":"category","embeddable":true,"href":"https:\/\/prizrenpost.com\/ba\/wp-json\/wp\/v2\/categories?post=29245"},{"taxonomy":"post_tag","embeddable":true,"href":"https:\/\/prizrenpost.com\/ba\/wp-json\/wp\/v2\/tags?post=29245"}],"curies":[{"name":"wp","href":"https:\/\/api.w.org\/{rel}","templated":true}]}}