{"id":29260,"date":"2026-04-15T13:55:30","date_gmt":"2026-04-15T11:55:30","guid":{"rendered":"https:\/\/prizrenpost.com\/ba\/potvrdjen-prvi-slucaj-ovcije-kozje-boginje-na-kosovu\/"},"modified":"2026-04-15T13:55:31","modified_gmt":"2026-04-15T11:55:31","slug":"potvrdjen-prvi-slucaj-ovcije-kozje-boginje-na-kosovu","status":"publish","type":"post","link":"https:\/\/prizrenpost.com\/ba\/potvrdjen-prvi-slucaj-ovcije-kozje-boginje-na-kosovu\/","title":{"rendered":"Potvr\u0111en prvi slu\u010daj ov\u010dije\/kozje boginje na Kosovu"},"content":{"rendered":"<p><img decoding=\"async\" src=\"https:\/\/prizrenpost.com\/ba\/wp-content\/uploads\/sheep-dele-kurban.jpg\" style=\"width:100%;height:auto;margin-bottom:20px\"><\/p>\n<p>Ministarstvo poljoprivrede, \u0161umarstva i ruralnog razvoja, Agencija za hranu i veterinu (AUV) saop\u0161tilo je da je potvr\u0111en prvi slu\u010daj ov\u010dije boginje (Ov\u010dije boginje\/Kozje boginje) u selu Sazli, op\u0161tina Uro\u0161evac.<\/p>\n<p>Nakon terenskog dijagnosti\u010dkog istra\u017eivanja i sprovo\u0111enja mera kontrole bolesti potvr\u0111ena je i kontrola bolesti u uzorku hrane La Vebora, u slu\u010daju La Vebore je potvr\u0111eno ispitivanje uzorka hrane. prvi slu\u010daj bolesti Lija e Dhenve na farmi ovaca u ovom selu.<\/p>\n<p>Mere se primenjuju u regionu Uro\u0161evca i Gnjilana (mere se mogu menjati u zavisnosti od situacije)<\/p>\n<p>a) Zabranjeno je kretanje ovaca, koza sa farmi, trgovina na pijacama i prodaja;<\/p>\n<p>b) Zabranjeno je kretanje na pijacama i prodaja;<\/p>\n<p>b) mjere izolacije\/karantina. Zabranjeno je svako ulazak i izlazak.<\/p>\n<p>c) Poljoprivrednici koji dr\u017ee ovce i koze du\u017eni su odmah obavijestiti veterinara o svakoj promjeni zdravstvenog stanja \u017eivotinja. Veterinarske slu\u017ebe su du\u017ene provoditi veterinarsko-zdravstvene protokole za prevenciju i borbu protiv ove bolesti<\/p>\n<p>d) Poljoprivrednici koji uzgajaju ovce, koze da aktiviraju mjere biosigurnosti na svojim farmama.<\/p>\n<p>e) Odrediti lokacije za sahranu uginulih \u017eivotinja od strane op\u0107ina;<\/p>\n<p>f) AUV nastavlja sa uzimanje uzoraka i laboratorijsko ispitivanje<\/p>\n<p>obavljanje testova i laboratorijskih istra\u017eivanja; Osim ta\u010dke I. ove odluke, dozvoljeno je kretanje \u017eivotinja sa farmi slobodnih od ove bolesti u licencirane klaonice, uz prethodnu saglasnost veterinarskog inspektora Agencije za hranu i veterinu.<\/p>\n<p>III. Nala\u017ee se svim rukovodiocima tr\u017ei\u0161ta od stupanja na snagu ove odluke da obustave rad na prometu sitnih ovaca i koza.<\/p>\n<p>IV. Policija Kosova, op\u0161tinski organi u koordinaciji i saradnji sa AUV du\u017eni su da nadgledaju sprovo\u0111enje mera.<\/p>\n<p>Koristimo kola\u010di\u0107e za pobolj\u0161anje iskustva i prikazivanje reklama (Google AdSense).<br \/>\n          Klikom na &#8220;Prihvati&#8221;, pristajete na kori\u0161tenje kola\u010di\u0107a u skladu sa<br \/>\n          Politika privatnosti<br \/>\n          i<br \/>\n          Politika kola\u010di\u0107a.<br \/>\n          Nepotrebne kola\u010di\u0107e mo\u017eete odbiti klikom na &#8220;Odbij&#8221;.<\/p>\n<hr style=\"margin:30px 0\">\n<p style=\"font-size:13px;color:#666\">Izvor: <strong>prizrenpost<\/strong><\/p>\n","protected":false},"excerpt":{"rendered":"<p>Ministarstvo poljoprivrede, \u0161umarstva i ruralnog razvoja, Agencija za hranu i veterinu (AUV) saop\u0161tilo je da je potvr\u0111en prvi slu\u010daj ov\u010dije boginje (Ov\u010dije boginje\/Kozje boginje) u selu Sazli, op\u0161tina Uro\u0161evac. Nakon terenskog dijagnosti\u010dkog istra\u017eivanja i sprovo\u0111enja mera kontrole bolesti potvr\u0111ena je i kontrola bolesti u uzorku hrane La Vebora, u slu\u010daju La Vebore je potvr\u0111eno ispitivanje [&hellip;]<\/p>\n","protected":false},"author":1,"featured_media":29261,"comment_status":"open","ping_status":"open","sticky":false,"template":"","format":"standard","meta":{"footnotes":""},"categories":[14],"tags":[456],"class_list":["post-29260","post","type-post","status-publish","format-standard","has-post-thumbnail","hentry","category-nacionalne","tag-aktualnost"],"views":33,"_links":{"self":[{"href":"https:\/\/prizrenpost.com\/ba\/wp-json\/wp\/v2\/posts\/29260","targetHints":{"allow":["GET"]}}],"collection":[{"href":"https:\/\/prizrenpost.com\/ba\/wp-json\/wp\/v2\/posts"}],"about":[{"href":"https:\/\/prizrenpost.com\/ba\/wp-json\/wp\/v2\/types\/post"}],"author":[{"embeddable":true,"href":"https:\/\/prizrenpost.com\/ba\/wp-json\/wp\/v2\/users\/1"}],"replies":[{"embeddable":true,"href":"https:\/\/prizrenpost.com\/ba\/wp-json\/wp\/v2\/comments?post=29260"}],"version-history":[{"count":1,"href":"https:\/\/prizrenpost.com\/ba\/wp-json\/wp\/v2\/posts\/29260\/revisions"}],"predecessor-version":[{"id":29262,"href":"https:\/\/prizrenpost.com\/ba\/wp-json\/wp\/v2\/posts\/29260\/revisions\/29262"}],"wp:featuredmedia":[{"embeddable":true,"href":"https:\/\/prizrenpost.com\/ba\/wp-json\/wp\/v2\/media\/29261"}],"wp:attachment":[{"href":"https:\/\/prizrenpost.com\/ba\/wp-json\/wp\/v2\/media?parent=29260"}],"wp:term":[{"taxonomy":"category","embeddable":true,"href":"https:\/\/prizrenpost.com\/ba\/wp-json\/wp\/v2\/categories?post=29260"},{"taxonomy":"post_tag","embeddable":true,"href":"https:\/\/prizrenpost.com\/ba\/wp-json\/wp\/v2\/tags?post=29260"}],"curies":[{"name":"wp","href":"https:\/\/api.w.org\/{rel}","templated":true}]}}