{"id":29272,"date":"2026-04-15T15:10:36","date_gmt":"2026-04-15T13:10:36","guid":{"rendered":"https:\/\/prizrenpost.com\/ba\/zatvoreni-palestinski-lider-barghouti-suocava-se-s-brutalnim-napadima-u-izraelskim-zatvorima\/"},"modified":"2026-04-15T15:10:37","modified_gmt":"2026-04-15T13:10:37","slug":"zatvoreni-palestinski-lider-barghouti-suocava-se-s-brutalnim-napadima-u-izraelskim-zatvorima","status":"publish","type":"post","link":"https:\/\/prizrenpost.com\/ba\/zatvoreni-palestinski-lider-barghouti-suocava-se-s-brutalnim-napadima-u-izraelskim-zatvorima\/","title":{"rendered":"Zatvoreni palestinski lider Barghouti suo\u010dava se s brutalnim napadima u izraelskim zatvorima"},"content":{"rendered":"<p><img decoding=\"async\" src=\"https:\/\/prizrenpost.com\/ba\/wp-content\/uploads\/thumbs_b_c_57128d4d9a6222120a5c035c55cdde40.jpg\" style=\"width:100%;height:auto;margin-bottom:20px\"><\/p>\n<p>Istaknuti palestinski lider Marwan Barghouti suo\u010den je sa brutalnim napadima u izraelskim zatvorima, uklju\u010duju\u0107i tri premla\u0107ivanja u manje od mjesec dana, prenosi Anadolu.<\/p>\n<p>U saop\u0107enju, me\u0111unarodna kampanja &#8220;Oslobodi Marwan&#8221; navodi da je Barghouti bio podvrgnut novim brutalnim napadima dok je bio u samici na jugu Izraela i u sjevernom Ramon primoru u Megidu na sjeveru Izraela i u zatvoru Megidn na sjeveru Izraela. uo\u010di 24. godi\u0161njice hap\u0161enja. <\/p>\n<p>Barghouti je uhap\u0161en 2002. godine od strane izraelskih snaga i trenutno slu\u017ei do\u017eivotnu kaznu zatvora pod optu\u017ebom da je &#8220;vodio oru\u017eane grupe koje su ubijale i ranjavale Izraelce&#8221; tokom druge palestinske intifade. <\/p>\n<p>U kampanji se navodi da je Barghouti rekao svom advokatu, koji ga je posjetio u nedjelju, da je pretrpio &#8220;brutalne fizi\u010dke napade u posljednjih nekoliko sedmica&#8221;.<\/p>\n<p>Jedinice za represiju u zatvoru su ga napale tri puta, 8. aprila, 24. i 25. marta, koriste\u0107i razli\u010dite metode sile, uzrokuju\u0107i vi\u0161estruke povrede i krvarenje bez dodatnog medicinskog tretmana u cijeloj grupi.<\/p>\n<p> Barghouti se suo\u010dio sa &#8220;sistematskim nizom prethodnih brutalnih napada&#8221; koji su nastavljeni od po\u010detka rata u Gazi. Grupa je pozvala me\u0111unarodne organizacije i organizacije za ljudska prava da &#8220;izvr\u0161e svoju du\u017enost&#8221; da za\u0161tite Barghoutija i sve palestinske zatvorenike.<\/p>\n<p>Barghouti je proveo vi\u0161e od 32 godine u izraelskim zatvorima, navodi se u kampanji.<\/p>\n<p>18. februara, Itamar Ben-Gvir, izraelski krajnje desni\u010darski ministar nacionalne sigurnosti, u\u0161ao je u ku\u0107u Barghoua i zaprijetio mu je u napadu. ubijen, prema video snimku koji su tada objavili izraelski mediji.<\/p>\n<p>Uprkos osloba\u0111anju hiljada palestinskih zatvorenika u nedavnim sporazumima o zamjeni prema sporazumu o prekidu vatre koji je stupio na snagu 10. oktobra, Izrael je odbio osloboditi Barghoutija i druge visokoprofilirane zatvorenike.<\/p>\n<p>Zlostavljanje zatvorenika je eskaliralo nakon \u0161to je rat u Gazi S eskalirao uporedo s genocidom u Izraelu dvije godine eskalirao je zbog genocida u Izraelu. Oktobar 2023. Palestinske vlasti procjenjuju da je vi\u0161e od 9.300 Palestinaca zatvoreno u izraelskim zatvorima, uklju\u010duju\u0107i vi\u0161e od 50 \u017eena i oko 350 djece, pored onih koji se dr\u017ee u kampovima izraelske vojske.<\/p>\n<p>Nasilje izraelskih snaga i okupatora na Zapadnoj obali se intenziviralo od po\u010detka genocida u Gazi0, Gazi02 S,1 ki82 u oktobru 2023. Palestinci, 11.750 ozlije\u0111enih i 22.000 uhi\u0107enih.<\/p>\n<p>Koristimo kola\u010di\u0107e za pobolj\u0161anje iskustva i prikazivanje oglasa (Google AdSense).<br \/>\n          Klikom na &#8220;Prihvati&#8221;, pristajete na kori\u0161tenje kola\u010di\u0107a u skladu sa<br \/>\n          Politika privatnosti<br \/>\n          i<br \/>\n          Politika kola\u010di\u0107a.<br \/>\n          Nepotrebne kola\u010di\u0107e mo\u017eete odbiti klikom na &#8220;Odbij&#8221;.<\/p>\n<hr style=\"margin:30px 0\">\n<p style=\"font-size:13px;color:#666\">Izvor: <strong>prizrenpost<\/strong><\/p>\n","protected":false},"excerpt":{"rendered":"<p>Istaknuti palestinski lider Marwan Barghouti suo\u010den je sa brutalnim napadima u izraelskim zatvorima, uklju\u010duju\u0107i tri premla\u0107ivanja u manje od mjesec dana, prenosi Anadolu. U saop\u0107enju, me\u0111unarodna kampanja &#8220;Oslobodi Marwan&#8221; navodi da je Barghouti bio podvrgnut novim brutalnim napadima dok je bio u samici na jugu Izraela i u sjevernom Ramon primoru u Megidu na sjeveru [&hellip;]<\/p>\n","protected":false},"author":1,"featured_media":29273,"comment_status":"open","ping_status":"open","sticky":false,"template":"","format":"standard","meta":{"footnotes":""},"categories":[24],"tags":[456],"class_list":["post-29272","post","type-post","status-publish","format-standard","has-post-thumbnail","hentry","category-svijet","tag-aktualnost"],"views":24,"_links":{"self":[{"href":"https:\/\/prizrenpost.com\/ba\/wp-json\/wp\/v2\/posts\/29272","targetHints":{"allow":["GET"]}}],"collection":[{"href":"https:\/\/prizrenpost.com\/ba\/wp-json\/wp\/v2\/posts"}],"about":[{"href":"https:\/\/prizrenpost.com\/ba\/wp-json\/wp\/v2\/types\/post"}],"author":[{"embeddable":true,"href":"https:\/\/prizrenpost.com\/ba\/wp-json\/wp\/v2\/users\/1"}],"replies":[{"embeddable":true,"href":"https:\/\/prizrenpost.com\/ba\/wp-json\/wp\/v2\/comments?post=29272"}],"version-history":[{"count":1,"href":"https:\/\/prizrenpost.com\/ba\/wp-json\/wp\/v2\/posts\/29272\/revisions"}],"predecessor-version":[{"id":29274,"href":"https:\/\/prizrenpost.com\/ba\/wp-json\/wp\/v2\/posts\/29272\/revisions\/29274"}],"wp:featuredmedia":[{"embeddable":true,"href":"https:\/\/prizrenpost.com\/ba\/wp-json\/wp\/v2\/media\/29273"}],"wp:attachment":[{"href":"https:\/\/prizrenpost.com\/ba\/wp-json\/wp\/v2\/media?parent=29272"}],"wp:term":[{"taxonomy":"category","embeddable":true,"href":"https:\/\/prizrenpost.com\/ba\/wp-json\/wp\/v2\/categories?post=29272"},{"taxonomy":"post_tag","embeddable":true,"href":"https:\/\/prizrenpost.com\/ba\/wp-json\/wp\/v2\/tags?post=29272"}],"curies":[{"name":"wp","href":"https:\/\/api.w.org\/{rel}","templated":true}]}}