{"id":29287,"date":"2026-04-15T15:40:20","date_gmt":"2026-04-15T13:40:20","guid":{"rendered":"https:\/\/prizrenpost.com\/ba\/tragedija-u-klini-poginuo-traktorista\/"},"modified":"2026-04-15T15:40:21","modified_gmt":"2026-04-15T13:40:21","slug":"tragedija-u-klini-poginuo-traktorista","status":"publish","type":"post","link":"https:\/\/prizrenpost.com\/ba\/tragedija-u-klini-poginuo-traktorista\/","title":{"rendered":"Tragedija u Klini, poginuo traktorista"},"content":{"rendered":"<p><img decoding=\"async\" src=\"https:\/\/prizrenpost.com\/ba\/wp-content\/uploads\/Traktori.jpg\" style=\"width:100%;height:auto;margin-bottom:20px\">Te\u0161ka nesre\u0107a dogodila se danas u selu Leskoc, gde se pod jo\u0161 uvek nerazja\u0161njenim okolnostima prevrnuo traktor. Prema prvim informacijama Klina.info, sumnja se da je od posljedica ove nesre\u0107e preminuo voza\u010d vozila, identifikovan kao Gjon Dodaj, star 57 godina. Odmah su do\u0161li na lice mesta [&#8230;]<\/p>\n<hr style=\"margin:30px 0\">\n<p style=\"font-size:13px;color:#666\">Izvor: <strong>prizrenpost<\/strong><\/p>\n","protected":false},"excerpt":{"rendered":"<p>Te\u0161ka nesre\u0107a dogodila se danas u selu Leskoc, gde se pod jo\u0161 uvek nerazja\u0161njenim okolnostima prevrnuo traktor. Prema prvim informacijama Klina.info, sumnja se da je od posljedica ove nesre\u0107e preminuo voza\u010d vozila, identifikovan kao Gjon Dodaj, star 57 godina. Odmah su do\u0161li na lice mesta [&#8230;] Izvor: prizrenpost<\/p>\n","protected":false},"author":1,"featured_media":29288,"comment_status":"open","ping_status":"open","sticky":false,"template":"","format":"standard","meta":{"footnotes":""},"categories":[14],"tags":[456],"class_list":["post-29287","post","type-post","status-publish","format-standard","has-post-thumbnail","hentry","category-nacionalne","tag-aktualnost"],"views":20,"_links":{"self":[{"href":"https:\/\/prizrenpost.com\/ba\/wp-json\/wp\/v2\/posts\/29287","targetHints":{"allow":["GET"]}}],"collection":[{"href":"https:\/\/prizrenpost.com\/ba\/wp-json\/wp\/v2\/posts"}],"about":[{"href":"https:\/\/prizrenpost.com\/ba\/wp-json\/wp\/v2\/types\/post"}],"author":[{"embeddable":true,"href":"https:\/\/prizrenpost.com\/ba\/wp-json\/wp\/v2\/users\/1"}],"replies":[{"embeddable":true,"href":"https:\/\/prizrenpost.com\/ba\/wp-json\/wp\/v2\/comments?post=29287"}],"version-history":[{"count":1,"href":"https:\/\/prizrenpost.com\/ba\/wp-json\/wp\/v2\/posts\/29287\/revisions"}],"predecessor-version":[{"id":29289,"href":"https:\/\/prizrenpost.com\/ba\/wp-json\/wp\/v2\/posts\/29287\/revisions\/29289"}],"wp:featuredmedia":[{"embeddable":true,"href":"https:\/\/prizrenpost.com\/ba\/wp-json\/wp\/v2\/media\/29288"}],"wp:attachment":[{"href":"https:\/\/prizrenpost.com\/ba\/wp-json\/wp\/v2\/media?parent=29287"}],"wp:term":[{"taxonomy":"category","embeddable":true,"href":"https:\/\/prizrenpost.com\/ba\/wp-json\/wp\/v2\/categories?post=29287"},{"taxonomy":"post_tag","embeddable":true,"href":"https:\/\/prizrenpost.com\/ba\/wp-json\/wp\/v2\/tags?post=29287"}],"curies":[{"name":"wp","href":"https:\/\/api.w.org\/{rel}","templated":true}]}}