{"id":29290,"date":"2026-04-15T15:40:25","date_gmt":"2026-04-15T13:40:25","guid":{"rendered":"https:\/\/prizrenpost.com\/ba\/sorensen-danas-na-kosovu-na-sastanku-sa-kurtom\/"},"modified":"2026-04-15T15:40:26","modified_gmt":"2026-04-15T13:40:26","slug":"sorensen-danas-na-kosovu-na-sastanku-sa-kurtom","status":"publish","type":"post","link":"https:\/\/prizrenpost.com\/ba\/sorensen-danas-na-kosovu-na-sastanku-sa-kurtom\/","title":{"rendered":"Sorensen danas na Kosovu na sastanku sa Kurtom"},"content":{"rendered":"<p><img decoding=\"async\" src=\"https:\/\/prizrenpost.com\/ba\/wp-content\/uploads\/prizrenpostog-og-516.jpg\" style=\"width:100%;height:auto;margin-bottom:20px\"><\/p>\n<p>Evropski emisar za dijalog Kosovo-Srbija Peter Sorensen boravi\u0107e 15. aprila u Pri\u0161tini, gde \u0107e se sastati sa premijerom Kosova Aljbinom Kurtijem, rekao je za Radio Slobodna Evropa izvor u Briselu.<\/p>\n<p>Sorensenova poseta Pri\u0161tini dolazi nakon \u0161to je 9. aprila posetio Beograd, gde se sastao sa predsednikom Srbije, T. Aleksandrom V. je pisao portparolu Vlade Arlindu Manjuki da potvrdi sastanak i \u010deka odgovor.<\/p>\n<p>Evropski emisar je rekao da je sa Vu\u010di\u0107em vodio razgovore o unapre\u0111enju razgovora o glavnim pitanjima dijaloga za normalizaciju odnosa izme\u0111u Kosova i Srbije, kao i o analizi napretka u vezi sa Zakonom o radu stranaca na Kosovu, nezvani\u010dan izvor za Kosovo.<\/p>\n<p> u\u010dinjeno da se organizuje nova runda dijaloga na nivou lidera. To je glavni razlog za\u0161to je Sorensen nedavno intenzivirao razgovore sa razli\u010ditim relevantnim faktorima, uklju\u010duju\u0107i i ameri\u010dku stranu.<\/p>\n<p>Kako su preneli diplomatski izvori Radiju Slobodna Evropa, predsednik Srbije Aleksandar Vu\u010di\u0107 izrazio je spremnost da ode u Brisel da se sastane u okviru dijaloga sa premijerom Kosova Aljbinom Kurtijem, ali za sada nema potvrde o tome koliko je lider Kosova spreman.<\/&gt; na visokom politi\u010dkom nivou izme\u0111u Kosova i Srbije, nije ga bilo od septembra 2023. Posljednji sastanak Kurta i Vu\u010di\u0107a odr\u017ean je nekoliko dana prije oru\u017eanog napada na Banjsku kod Zve\u010dana, za koji Kosovo okrivljuje Srbiju, ali Beograd negira bilo kakvu umije\u0161anost.&lt;\/p><\/p>\n<p>Tokom napada koji je izvela grupa naoru\u017eanih Srba, ubijen je kosovski policajac. U me\u0111uvremenu, tri srpska napada\u010da su ubijena tokom razmjene vatre.<\/p>\n<p>Ovaj napad je dodatno pogor\u0161ao situaciju, dok je dijalog na politi\u010dkom nivou od tog trenutka ostao zamrznut.<\/p>\n<p>Evropska strana bi, prema diplomatskim izvorima REL-a, \u017eeljela da organizuje rundu dijaloga u narednim sedmicama, u svakom slu\u010daju prije tri godine, a to \u0107e biti i prvog ovog ljeta.<\/p>\n<p> prvi ove godine. tip za Kaju Kalas, \u0161eficu evropske diplomatije.<\/p>\n<p>Poziciju visoke predstavnice EU za spoljnu politiku i bezbednost preuzela je decembra 2024. Kalas je u vi\u0161e navrata izjavljivala da dijalog na najvi\u0161em politi\u010dkom nivou nije odr\u017ean zbog komplikovane politi\u010dke situacije kako na Kosovu tako i u Srbiji.<\/p>\n<p>Posle izbora, 2020. decembra je odr\u017eala na Kosovu 205. izrazila je spremnost da organizira sastanak lidera &#8220;\u010dim to okolnosti dozvole&#8221;<\/p>\n<p>Koristimo kola\u010di\u0107e za pobolj\u0161anje iskustva i prikazivanje oglasa (Google AdSense).<br \/>\n          Klikom na &#8220;Prihvati&#8221;, pristajete na kori\u0161tenje kola\u010di\u0107a u skladu sa<br \/>\n          Politika privatnosti<br \/>\n          i<br \/>\n          Politika kola\u010di\u0107a.<br \/>\n          Nepotrebne kola\u010di\u0107e mo\u017eete odbiti klikom na &#8220;Odbij&#8221;.<\/p>\n<hr style=\"margin:30px 0\">\n<p style=\"font-size:13px;color:#666\">Izvor: <strong>prizrenpost<\/strong><\/p>\n","protected":false},"excerpt":{"rendered":"<p>Evropski emisar za dijalog Kosovo-Srbija Peter Sorensen boravi\u0107e 15. aprila u Pri\u0161tini, gde \u0107e se sastati sa premijerom Kosova Aljbinom Kurtijem, rekao je za Radio Slobodna Evropa izvor u Briselu. Sorensenova poseta Pri\u0161tini dolazi nakon \u0161to je 9. aprila posetio Beograd, gde se sastao sa predsednikom Srbije, T. Aleksandrom V. je pisao portparolu Vlade Arlindu [&hellip;]<\/p>\n","protected":false},"author":1,"featured_media":29291,"comment_status":"open","ping_status":"open","sticky":false,"template":"","format":"standard","meta":{"footnotes":""},"categories":[14],"tags":[456],"class_list":["post-29290","post","type-post","status-publish","format-standard","has-post-thumbnail","hentry","category-nacionalne","tag-aktualnost"],"views":16,"_links":{"self":[{"href":"https:\/\/prizrenpost.com\/ba\/wp-json\/wp\/v2\/posts\/29290","targetHints":{"allow":["GET"]}}],"collection":[{"href":"https:\/\/prizrenpost.com\/ba\/wp-json\/wp\/v2\/posts"}],"about":[{"href":"https:\/\/prizrenpost.com\/ba\/wp-json\/wp\/v2\/types\/post"}],"author":[{"embeddable":true,"href":"https:\/\/prizrenpost.com\/ba\/wp-json\/wp\/v2\/users\/1"}],"replies":[{"embeddable":true,"href":"https:\/\/prizrenpost.com\/ba\/wp-json\/wp\/v2\/comments?post=29290"}],"version-history":[{"count":1,"href":"https:\/\/prizrenpost.com\/ba\/wp-json\/wp\/v2\/posts\/29290\/revisions"}],"predecessor-version":[{"id":29292,"href":"https:\/\/prizrenpost.com\/ba\/wp-json\/wp\/v2\/posts\/29290\/revisions\/29292"}],"wp:featuredmedia":[{"embeddable":true,"href":"https:\/\/prizrenpost.com\/ba\/wp-json\/wp\/v2\/media\/29291"}],"wp:attachment":[{"href":"https:\/\/prizrenpost.com\/ba\/wp-json\/wp\/v2\/media?parent=29290"}],"wp:term":[{"taxonomy":"category","embeddable":true,"href":"https:\/\/prizrenpost.com\/ba\/wp-json\/wp\/v2\/categories?post=29290"},{"taxonomy":"post_tag","embeddable":true,"href":"https:\/\/prizrenpost.com\/ba\/wp-json\/wp\/v2\/tags?post=29290"}],"curies":[{"name":"wp","href":"https:\/\/api.w.org\/{rel}","templated":true}]}}