{"id":29293,"date":"2026-04-15T15:40:30","date_gmt":"2026-04-15T13:40:30","guid":{"rendered":"https:\/\/prizrenpost.com\/ba\/u-ldk-kazu-da-u-ovoj-stranci-mozda-ima-mjesta-za-osmana\/"},"modified":"2026-04-15T15:40:32","modified_gmt":"2026-04-15T13:40:32","slug":"u-ldk-kazu-da-u-ovoj-stranci-mozda-ima-mjesta-za-osmana","status":"publish","type":"post","link":"https:\/\/prizrenpost.com\/ba\/u-ldk-kazu-da-u-ovoj-stranci-mozda-ima-mjesta-za-osmana\/","title":{"rendered":"U LDK ka\u017eu da u ovoj stranci mo\u017eda ima mjesta za Osmana"},"content":{"rendered":"<p><img decoding=\"async\" src=\"https:\/\/prizrenpost.com\/ba\/wp-content\/uploads\/prizrenpostog-og-517.jpg\" style=\"width:100%;height:auto;margin-bottom:20px\"><\/p>\n<p>Demokratska unija Kosova ostaje otvorena za povratak Vjose Osman.<\/p>\n<p>Ovo je rekao Visar Azemi, \u010dlan Predsedni\u0161tva ove stranke.<\/p>\n<p>On je u sredu, na konferenciji za novinare, izjavio da ova stranka ima za cilj da vrati sve svoje \u010dlanove<\/p>\n<p>\u201eSmatram da \u0107emo ove doga\u0111aje videti iu svim njenim danima u LDK. Vjosa Osmani, mo\u017eda ima mjesta u LDK, jer se desnica mora ujediniti, jer je postojao proces koji je bio o\u0161te\u0107en u prethodnim procesima, a mi tako\u0111e \u017eelimo da ujedinimo stranku kao \u0161to je LDK oduvijek bio\u201d, rekao je on.<\/p>\n<p>Osmani je nakon isteka predsjedni\u010dkog mandata upozorio da \u0107e nastaviti svoju politi\u010dku aktivnost, Abhi Ludi<\/p>\n<p>predsjedavaju\u0107i LDK.<\/p>\n<p> svoju ideju za uniju &#8220;institucionalista, pristalica Republike i svih putnika evroatlantskog puta&#8221;.<\/p>\n<p>Rekao je da svi imaju zajedni\u010dki dom, Demokratski savez Kosova.<\/p>\n<p>Koristimo kola\u010di\u0107e za pobolj\u0161anje iskustva i prikazivanje reklama (Google AdSense).<br \/>\n          Klikom na &#8220;Prihvati&#8221;, pristajete na kori\u0161tenje kola\u010di\u0107a u skladu sa<br \/>\n          Politika privatnosti<br \/>\n          i<br \/>\n          Politika kola\u010di\u0107a.<br \/>\n          Nepotrebne kola\u010di\u0107e mo\u017eete odbiti klikom na &#8220;Odbij&#8221;.<\/p>\n<hr style=\"margin:30px 0\">\n<p style=\"font-size:13px;color:#666\">Izvor: <strong>prizrenpost<\/strong><\/p>\n","protected":false},"excerpt":{"rendered":"<p>Demokratska unija Kosova ostaje otvorena za povratak Vjose Osman. Ovo je rekao Visar Azemi, \u010dlan Predsedni\u0161tva ove stranke. On je u sredu, na konferenciji za novinare, izjavio da ova stranka ima za cilj da vrati sve svoje \u010dlanove \u201eSmatram da \u0107emo ove doga\u0111aje videti iu svim njenim danima u LDK. Vjosa Osmani, mo\u017eda ima mjesta [&hellip;]<\/p>\n","protected":false},"author":1,"featured_media":29294,"comment_status":"open","ping_status":"open","sticky":false,"template":"","format":"standard","meta":{"footnotes":""},"categories":[14],"tags":[456],"class_list":["post-29293","post","type-post","status-publish","format-standard","has-post-thumbnail","hentry","category-nacionalne","tag-aktualnost"],"views":18,"_links":{"self":[{"href":"https:\/\/prizrenpost.com\/ba\/wp-json\/wp\/v2\/posts\/29293","targetHints":{"allow":["GET"]}}],"collection":[{"href":"https:\/\/prizrenpost.com\/ba\/wp-json\/wp\/v2\/posts"}],"about":[{"href":"https:\/\/prizrenpost.com\/ba\/wp-json\/wp\/v2\/types\/post"}],"author":[{"embeddable":true,"href":"https:\/\/prizrenpost.com\/ba\/wp-json\/wp\/v2\/users\/1"}],"replies":[{"embeddable":true,"href":"https:\/\/prizrenpost.com\/ba\/wp-json\/wp\/v2\/comments?post=29293"}],"version-history":[{"count":1,"href":"https:\/\/prizrenpost.com\/ba\/wp-json\/wp\/v2\/posts\/29293\/revisions"}],"predecessor-version":[{"id":29295,"href":"https:\/\/prizrenpost.com\/ba\/wp-json\/wp\/v2\/posts\/29293\/revisions\/29295"}],"wp:featuredmedia":[{"embeddable":true,"href":"https:\/\/prizrenpost.com\/ba\/wp-json\/wp\/v2\/media\/29294"}],"wp:attachment":[{"href":"https:\/\/prizrenpost.com\/ba\/wp-json\/wp\/v2\/media?parent=29293"}],"wp:term":[{"taxonomy":"category","embeddable":true,"href":"https:\/\/prizrenpost.com\/ba\/wp-json\/wp\/v2\/categories?post=29293"},{"taxonomy":"post_tag","embeddable":true,"href":"https:\/\/prizrenpost.com\/ba\/wp-json\/wp\/v2\/tags?post=29293"}],"curies":[{"name":"wp","href":"https:\/\/api.w.org\/{rel}","templated":true}]}}