{"id":30582,"date":"2026-04-24T23:56:21","date_gmt":"2026-04-24T21:56:21","guid":{"rendered":"https:\/\/prizrenpost.com\/ba\/kearns-trazi-da-se-lideri-sada-kazne-oni-su-u-srpskoj-vladi-i-neki-se-kriju-od-njih\/"},"modified":"2026-04-24T23:56:25","modified_gmt":"2026-04-24T21:56:25","slug":"kearns-trazi-da-se-lideri-sada-kazne-oni-su-u-srpskoj-vladi-i-neki-se-kriju-od-njih","status":"publish","type":"post","link":"https:\/\/prizrenpost.com\/ba\/kearns-trazi-da-se-lideri-sada-kazne-oni-su-u-srpskoj-vladi-i-neki-se-kriju-od-njih\/","title":{"rendered":"Kearns tra\u017ei da se lideri sada kazne: oni su u srpskoj vladi i neki se kriju od njih"},"content":{"rendered":"<p><img decoding=\"async\" src=\"https:\/\/prizrenpost.com\/ba\/wp-content\/uploads\/IMG_6207.jpeg\" style=\"width:100%;height:auto;margin-bottom:20px\"><\/p>\n<p>Osnovni sud u Pri\u0161tini osudio je ju\u010de Blagoja Spasojevi\u0107a i Vladimira Tolli\u0107a na do\u017eivotni zatvor za slu\u010daj u Banjskoj, dok je Du\u0161an Maksimovi\u0107 osu\u0111en na 30 godina zatvora.<\/p>\n<p>Na ovo je reagovala i britanska poslanica Alicia Kearns, tra\u017ee\u0107i da se kazne &#8220;glavni vo\u0111e<\/b> terorista`, sada molim vas. glavni lideri. Na\u0107i \u0107ete ih u Vladi Srbije, a druge ih krije i \u0161titi Vlada Srbije\u201d, napisala je ona.<\/p>\n<p>Na\u0107i \u0107ete ih u Vladi Srbije, a druge ih skriva i \u0161titi Vlada Srbije. https:\/\/t.co\/kEPGTPTfxx<\/p>\n<p>\u2014 Alicia Kearns MP (@aliciakearns) 24. aprila 2026.<\/p>\n<p>Koristimo kola\u010di\u0107e za pobolj\u0161anje iskustva i prikazivanje oglasa (Google AdSense).<br \/>\n          Klikom na &#8220;Prihvati&#8221;, pristajete na kori\u0161tenje kola\u010di\u0107a u skladu sa<br \/>\n          Politika privatnosti<br \/>\n          i<br \/>\n          Politika kola\u010di\u0107a.<br \/>\n          Nepotrebne kola\u010di\u0107e mo\u017eete odbiti klikom na &#8220;Odbij&#8221;.<\/p>\n<hr style=\"margin:30px 0\">\n<p style=\"font-size:13px;color:#666\">Izvor: <strong>prizrenpost<\/strong><\/p>\n","protected":false},"excerpt":{"rendered":"<p>Osnovni sud u Pri\u0161tini osudio je ju\u010de Blagoja Spasojevi\u0107a i Vladimira Tolli\u0107a na do\u017eivotni zatvor za slu\u010daj u Banjskoj, dok je Du\u0161an Maksimovi\u0107 osu\u0111en na 30 godina zatvora. Na ovo je reagovala i britanska poslanica Alicia Kearns, tra\u017ee\u0107i da se kazne &#8220;glavni vo\u0111e terorista`, sada molim vas. glavni lideri. Na\u0107i \u0107ete ih u Vladi Srbije, [&hellip;]<\/p>\n","protected":false},"author":1,"featured_media":30583,"comment_status":"open","ping_status":"open","sticky":false,"template":"","format":"standard","meta":{"footnotes":""},"categories":[14],"tags":[456],"class_list":["post-30582","post","type-post","status-publish","format-standard","has-post-thumbnail","hentry","category-nacionalne","tag-aktualnost"],"views":7,"_links":{"self":[{"href":"https:\/\/prizrenpost.com\/ba\/wp-json\/wp\/v2\/posts\/30582","targetHints":{"allow":["GET"]}}],"collection":[{"href":"https:\/\/prizrenpost.com\/ba\/wp-json\/wp\/v2\/posts"}],"about":[{"href":"https:\/\/prizrenpost.com\/ba\/wp-json\/wp\/v2\/types\/post"}],"author":[{"embeddable":true,"href":"https:\/\/prizrenpost.com\/ba\/wp-json\/wp\/v2\/users\/1"}],"replies":[{"embeddable":true,"href":"https:\/\/prizrenpost.com\/ba\/wp-json\/wp\/v2\/comments?post=30582"}],"version-history":[{"count":1,"href":"https:\/\/prizrenpost.com\/ba\/wp-json\/wp\/v2\/posts\/30582\/revisions"}],"predecessor-version":[{"id":30584,"href":"https:\/\/prizrenpost.com\/ba\/wp-json\/wp\/v2\/posts\/30582\/revisions\/30584"}],"wp:featuredmedia":[{"embeddable":true,"href":"https:\/\/prizrenpost.com\/ba\/wp-json\/wp\/v2\/media\/30583"}],"wp:attachment":[{"href":"https:\/\/prizrenpost.com\/ba\/wp-json\/wp\/v2\/media?parent=30582"}],"wp:term":[{"taxonomy":"category","embeddable":true,"href":"https:\/\/prizrenpost.com\/ba\/wp-json\/wp\/v2\/categories?post=30582"},{"taxonomy":"post_tag","embeddable":true,"href":"https:\/\/prizrenpost.com\/ba\/wp-json\/wp\/v2\/tags?post=30582"}],"curies":[{"name":"wp","href":"https:\/\/api.w.org\/{rel}","templated":true}]}}