{"id":30591,"date":"2026-04-25T00:26:21","date_gmt":"2026-04-24T22:26:21","guid":{"rendered":"https:\/\/prizrenpost.com\/ba\/urosevac-uhapsena-24-godisnjakinja-koja-je-osudjena-za-silovanje\/"},"modified":"2026-04-25T00:26:22","modified_gmt":"2026-04-24T22:26:22","slug":"urosevac-uhapsena-24-godisnjakinja-koja-je-osudjena-za-silovanje","status":"publish","type":"post","link":"https:\/\/prizrenpost.com\/ba\/urosevac-uhapsena-24-godisnjakinja-koja-je-osudjena-za-silovanje\/","title":{"rendered":"Uro\u0161evac: Uhap\u0161ena 24-godi\u0161njakinja koja je osu\u0111ena za silovanje"},"content":{"rendered":"<p><img decoding=\"async\" src=\"https:\/\/prizrenpost.com\/ba\/wp-content\/uploads\/arrestohet-polici-keqp-euml-rdori-pozit-euml-n-zyrtare_hd-780x439-730x439-1.jpg\" style=\"width:100%;height:auto;margin-bottom:20px\"><\/p>\n<p>Danas je u Uro\u0161evcu uhap\u0161eno lice za potragom policije, osu\u0111eno za krivi\u010dno delo &#8220;silovanje&#8221;.<\/p>\n<p>Prema saznanjima PU Uro\u0161evca, dana 24.04.2026.godine oko 15:00 \u010dasova, operateri Jedinice za brzo reagovanje (NJRSH), identifikovali su u ulici &#8220;Astri-4&#8221; ul. inicijala A.H.<\/p>\n<p>Isti sam, prema navodima Policije, tra\u017een po aktivnom nalogu Osnovnog suda u Uro\u0161evcu, prenosi Klankosova.tv.<\/p>\n<p>\u201ePo okon\u010danju potrebnih procedura, uhap\u0161eno lice je odmah upu\u0107eno na izdr\u017eavanje kazne od dve godine i \u0161est meseci. Regionalna policija Uro\u0161evac i dalje sprovodi naredbu suda za hap\u0161enje i su\u0111enje za izvr\u0161enje naloga suda u Uro\u0161evcu. izbegavaju pravdu, kako bi pove\u0107ali bezbednost gra\u0111ana\u201d, ka\u017eu iz Policije Uro\u0161evca. \/Klankosova.tv<\/p>\n<p>Koristimo kola\u010di\u0107e za pobolj\u0161anje iskustva i prikaz oglasa (Google AdSense).<br \/>\n          Klikom na &#8220;Prihvati&#8221;, pristajete na kori\u0161tenje kola\u010di\u0107a u skladu sa<br \/>\n          Politika privatnosti<br \/>\n          i<br \/>\n          Politika kola\u010di\u0107a.<br \/>\n          Nepotrebne kola\u010di\u0107e mo\u017eete odbiti klikom na &#8220;Odbij&#8221;.<\/p>\n<hr style=\"margin:30px 0\">\n<p style=\"font-size:13px;color:#666\">Izvor: <strong>prizrenpost<\/strong><\/p>\n","protected":false},"excerpt":{"rendered":"<p>Danas je u Uro\u0161evcu uhap\u0161eno lice za potragom policije, osu\u0111eno za krivi\u010dno delo &#8220;silovanje&#8221;. Prema saznanjima PU Uro\u0161evca, dana 24.04.2026.godine oko 15:00 \u010dasova, operateri Jedinice za brzo reagovanje (NJRSH), identifikovali su u ulici &#8220;Astri-4&#8221; ul. inicijala A.H. Isti sam, prema navodima Policije, tra\u017een po aktivnom nalogu Osnovnog suda u Uro\u0161evcu, prenosi Klankosova.tv. \u201ePo okon\u010danju potrebnih [&hellip;]<\/p>\n","protected":false},"author":1,"featured_media":30592,"comment_status":"open","ping_status":"open","sticky":false,"template":"","format":"standard","meta":{"footnotes":""},"categories":[17],"tags":[],"class_list":["post-30591","post","type-post","status-publish","format-standard","has-post-thumbnail","hentry","category-17"],"views":7,"_links":{"self":[{"href":"https:\/\/prizrenpost.com\/ba\/wp-json\/wp\/v2\/posts\/30591","targetHints":{"allow":["GET"]}}],"collection":[{"href":"https:\/\/prizrenpost.com\/ba\/wp-json\/wp\/v2\/posts"}],"about":[{"href":"https:\/\/prizrenpost.com\/ba\/wp-json\/wp\/v2\/types\/post"}],"author":[{"embeddable":true,"href":"https:\/\/prizrenpost.com\/ba\/wp-json\/wp\/v2\/users\/1"}],"replies":[{"embeddable":true,"href":"https:\/\/prizrenpost.com\/ba\/wp-json\/wp\/v2\/comments?post=30591"}],"version-history":[{"count":1,"href":"https:\/\/prizrenpost.com\/ba\/wp-json\/wp\/v2\/posts\/30591\/revisions"}],"predecessor-version":[{"id":30593,"href":"https:\/\/prizrenpost.com\/ba\/wp-json\/wp\/v2\/posts\/30591\/revisions\/30593"}],"wp:featuredmedia":[{"embeddable":true,"href":"https:\/\/prizrenpost.com\/ba\/wp-json\/wp\/v2\/media\/30592"}],"wp:attachment":[{"href":"https:\/\/prizrenpost.com\/ba\/wp-json\/wp\/v2\/media?parent=30591"}],"wp:term":[{"taxonomy":"category","embeddable":true,"href":"https:\/\/prizrenpost.com\/ba\/wp-json\/wp\/v2\/categories?post=30591"},{"taxonomy":"post_tag","embeddable":true,"href":"https:\/\/prizrenpost.com\/ba\/wp-json\/wp\/v2\/tags?post=30591"}],"curies":[{"name":"wp","href":"https:\/\/api.w.org\/{rel}","templated":true}]}}