{"id":30596,"date":"2026-04-25T05:00:56","date_gmt":"2026-04-25T03:00:56","guid":{"rendered":"https:\/\/prizrenpost.com\/ba\/italijanski-premijer-tenzije-izmedju-sad-i-spanije-za-nato-nisu-pozitivne\/"},"modified":"2026-04-25T05:01:14","modified_gmt":"2026-04-25T03:01:14","slug":"italijanski-premijer-tenzije-izmedju-sad-i-spanije-za-nato-nisu-pozitivne","status":"publish","type":"post","link":"https:\/\/prizrenpost.com\/ba\/italijanski-premijer-tenzije-izmedju-sad-i-spanije-za-nato-nisu-pozitivne\/","title":{"rendered":"Italijanski premijer: Tenzije izme\u0111u SAD i \u0160panije za NATO nisu &#8220;pozitivne&#8221;"},"content":{"rendered":"<p><img decoding=\"async\" src=\"https:\/\/prizrenpost.com\/ba\/wp-content\/uploads\/thumbs_b_c_af9fe2fa7398808bb3c8da1d812e7dd6.jpg\" style=\"width:100%;height:auto;margin-bottom:20px\"><\/p>\n<p>Talijanski premijer Giorgia Meloni pozvao je na ja\u010danje NATO-a i upozorio na podjele unutar alijanse, rekav\u0161i da tenzije izme\u0111u SAD-a i \u0160panije nisu &#8220;pozitivne&#8221;, prenosi Anadolu.<\/p>\n<p>&#8220;Ne vidim tenzije za NATO kao pozitivne; potrebno ih je oja\u010dati&#8221;, rekla je ona, obra\u0107aju\u0107i se novinarima informiranog sumita EU na Kipru. Gr\u010dki.<\/p>\n<p>&#8220;Vjerujem da bismo trebali raditi na ja\u010danju NATO-a, na ja\u010danju evropskog stuba alijanse, evropskog stuba koji bi trebao biti komplementaran&#8221;, rekla je ona.<\/p>\n<p>Njeni komentari dolaze usred rastu\u0107ih debata unutar NATO-a o potro\u0161nji na odbranu i podjeli tereta, kao i razli\u010ditim nacionalnim prioritetima me\u0111u dr\u017eavama \u010dlanicama.<\/p>\n<p>Meloni se posebno mora suo\u010diti sa vi\u0161estrukim ja\u010danjem sigurnosti NATO-a, posebno naglasiv\u0161i da se Evropa mora suo\u010diti s vi\u0161estrukim prioritetom ja\u010danja sigurnosti u NATO-u. izazovi.<\/p>\n<p>\u0160to se ti\u010de odnosa s Washingtonom, rekla je da veze ostaju jake uprkos nedavnim nesuglasicama.<\/p>\n<p>\u201eNisam razgovarala s Donaldom Trumpom, ali odnosi sa SAD-om su uvijek jaki\u201c, rekla je.<\/p>\n<p>Razgovaraju\u0107i o potro\u0161nji na odbranu, Meloni je napomenula da, iako vojne investicije ostaju va\u017ene, vlade tako\u0111er moraju uravnote\u017eiti druge izazove. hitno.<\/p>\n<p>&#8220;Potro\u0161nja na odbranu je i dalje va\u017ena, ali ako imamo energetski problem, shvatite da postoji prioritet koji je, na\u017ealost, na prvom mjestu&#8221;, rekla je ona, dodaju\u0107i da se politike moraju prilagoditi promjenjivom kontekstu.<\/p>\n<p>\u0160to se ti\u010de Rusije, Meloni je rekao da je na Moskvi da preduzme korake ka smanjenju tenzija, posebno u kontekstu me\u0111unarodnog foruma da preduzme korake da preduzmemo Putina<\/p>\n<p> a ne mi da preduzmemo korake prema tome&#8221;, rekla je ona, tvrde\u0107i da su zapadne zemlje ve\u0107 ulo\u017eile napore da anga\u017euju Rusiju.<\/p>\n<p>Okre\u0107u\u0107i se Bliskom istoku, Meloni je pozvala na odr\u017eavanje me\u0111unarodnog prisustva du\u017e granice izme\u0111u Izraela i Libana.<\/p>\n<p>&#8220;Me\u0111unarodno prisustvo na granici izme\u0111u Izraela i Libana je neophodno da bi uloga Italije mogla napraviti razliku&#8221;, rekla je ona (UNIFIL).<\/p>\n<p>Koristimo kola\u010di\u0107e za pobolj\u0161anje iskustva i prikaz oglasa (Google AdSense).<br \/>\n          Klikom na &#8220;Prihvati&#8221;, pristajete na kori\u0161tenje kola\u010di\u0107a u skladu sa<br \/>\n          Politika privatnosti<br \/>\n          i<br \/>\n          Politika kola\u010di\u0107a.<br \/>\n          Nepotrebne kola\u010di\u0107e mo\u017eete odbiti klikom na &#8220;Odbij&#8221;.<\/p>\n<hr style=\"margin:30px 0\">\n<p style=\"font-size:13px;color:#666\">Izvor: <strong>prizrenpost<\/strong><\/p>\n","protected":false},"excerpt":{"rendered":"<p>Talijanski premijer Giorgia Meloni pozvao je na ja\u010danje NATO-a i upozorio na podjele unutar alijanse, rekav\u0161i da tenzije izme\u0111u SAD-a i \u0160panije nisu &#8220;pozitivne&#8221;, prenosi Anadolu. &#8220;Ne vidim tenzije za NATO kao pozitivne; potrebno ih je oja\u010dati&#8221;, rekla je ona, obra\u0107aju\u0107i se novinarima informiranog sumita EU na Kipru. Gr\u010dki. &#8220;Vjerujem da bismo trebali raditi na [&hellip;]<\/p>\n","protected":false},"author":1,"featured_media":30597,"comment_status":"open","ping_status":"open","sticky":false,"template":"","format":"standard","meta":{"footnotes":""},"categories":[24],"tags":[456],"class_list":["post-30596","post","type-post","status-publish","format-standard","has-post-thumbnail","hentry","category-svijet","tag-aktualnost"],"views":6,"_links":{"self":[{"href":"https:\/\/prizrenpost.com\/ba\/wp-json\/wp\/v2\/posts\/30596","targetHints":{"allow":["GET"]}}],"collection":[{"href":"https:\/\/prizrenpost.com\/ba\/wp-json\/wp\/v2\/posts"}],"about":[{"href":"https:\/\/prizrenpost.com\/ba\/wp-json\/wp\/v2\/types\/post"}],"author":[{"embeddable":true,"href":"https:\/\/prizrenpost.com\/ba\/wp-json\/wp\/v2\/users\/1"}],"replies":[{"embeddable":true,"href":"https:\/\/prizrenpost.com\/ba\/wp-json\/wp\/v2\/comments?post=30596"}],"version-history":[{"count":1,"href":"https:\/\/prizrenpost.com\/ba\/wp-json\/wp\/v2\/posts\/30596\/revisions"}],"predecessor-version":[{"id":30598,"href":"https:\/\/prizrenpost.com\/ba\/wp-json\/wp\/v2\/posts\/30596\/revisions\/30598"}],"wp:featuredmedia":[{"embeddable":true,"href":"https:\/\/prizrenpost.com\/ba\/wp-json\/wp\/v2\/media\/30597"}],"wp:attachment":[{"href":"https:\/\/prizrenpost.com\/ba\/wp-json\/wp\/v2\/media?parent=30596"}],"wp:term":[{"taxonomy":"category","embeddable":true,"href":"https:\/\/prizrenpost.com\/ba\/wp-json\/wp\/v2\/categories?post=30596"},{"taxonomy":"post_tag","embeddable":true,"href":"https:\/\/prizrenpost.com\/ba\/wp-json\/wp\/v2\/tags?post=30596"}],"curies":[{"name":"wp","href":"https:\/\/api.w.org\/{rel}","templated":true}]}}