{"id":30614,"date":"2026-04-25T05:01:54","date_gmt":"2026-04-25T03:01:54","guid":{"rendered":"https:\/\/prizrenpost.com\/ba\/cnn-tramp-salje-pregovarace-witkoffa-i-kushnera-u-pakistan-na-razgovore-s-najvisim-iranskim-diplomatom\/"},"modified":"2026-04-25T05:01:56","modified_gmt":"2026-04-25T03:01:56","slug":"cnn-tramp-salje-pregovarace-witkoffa-i-kushnera-u-pakistan-na-razgovore-s-najvisim-iranskim-diplomatom","status":"publish","type":"post","link":"https:\/\/prizrenpost.com\/ba\/cnn-tramp-salje-pregovarace-witkoffa-i-kushnera-u-pakistan-na-razgovore-s-najvisim-iranskim-diplomatom\/","title":{"rendered":"CNN: Tramp \u0161alje pregovara\u010de Witkoffa i Kushnera u Pakistan na razgovore s najvi\u0161im iranskim diplomatom"},"content":{"rendered":"<p><img decoding=\"async\" src=\"https:\/\/prizrenpost.com\/ba\/wp-content\/uploads\/thumbs_b_c_94b5969aaee5a9bc5cd8f184ac716f35.jpg\" style=\"width:100%;height:auto;margin-bottom:20px\"><\/p>\n<p>Ameri\u010dki predsjednik Donald Trump poslat \u0107e svog specijalnog izaslanika Stevea Witkoffa i savjetnika Jareda Kushnera u Pakistan na razgovore s iranskim ministrom vanjskih poslova Abbasom Araghchijem, navodi se u izvje\u0161taju objavljenom u petak, prenosi Anadolu.<\/p>\n<p>O\u010dekuje se da razgovori po\u010dnu ovog vikenda, izvijestio je CNN, pozivaju\u0107i se na dva anonimna ameri\u010dka zvani\u010dnika. Ne\u0107e im prisustvovati potpredsjednik JD Vance, jer predsjednik iranskog parlamenta Mohammad Bagher Ghalibaf, kojeg Trumpova administracija smatra svojim kolegom, ne\u0107e biti prisutan, rekao je CNN.<\/p>\n<p>Me\u0111utim, Vance bi bio spreman otputovati u Islamabad ako razgovori dobiju dovoljan zamah, rekli su zvani\u010dnici. \u010clanovi njegovog osoblja bit \u0107e dio delegacije SAD-a tokom razgovora.<\/p>\n<p>O\u010dekuje se da \u0107e Araghchi u petak uve\u010de zapo\u010deti regionalnu turneju koja po\u010dinje u Pakistanu, a zatim se nastavlja u Oman i Rusiju.<\/p>\n<p>&#8220;Svrha mojih posjeta je bliska koordinacija sa na\u0161im partnerima o bilateralnim pitanjima i konsultacije o regionalnim razvojima. Na\u0161i susjedi su na\u0161 prioritet, pisao je za ovu platformu, &gt;<\/p>\n<p>&#8221; Najava, Teheran i Islamabad su bili anga\u017eovani u intenzivnoj diplomatiji. Araghchi je obavio telefonski razgovor s pakistanskim ministrom vanjskih poslova Ishaqom Darom, razgovaraju\u0107i o regionalnim de\u0161avanjima, prekidu vatre i teku\u0107im diplomatskim naporima, prema pakistanskim zvani\u010dnicima.<\/p>\n<p>On je tako\u0111er imao odvojene razgovore sa \u0161efom pakistanske vojske Asimom Munirom, iako nisu navedeni detalji. Na osnovu ovih kontakata, izvori pakistanske vlade rekli su za Anadolu Agency da se o\u010dekuje da Araghchi stigne u Islamabad u petak.<\/p>\n<p>Pakistan poja\u010dava napore za o\u017eivljavanje druge runde pregovora izme\u0111u Irana i SAD-a. Izvori su rekli da bi razgovori s Teheranom mogli utrti put za nove pregovore nakon prve runde direktnih pregovora odr\u017eane u Islamabadu 11.-12. aprila.<\/p>\n<p>Ovi razgovori su uslijedili nakon \u0161to je Pakistan posredovao u dvonedeljnom prekidu vatre 8. aprila, koji je kasnije Trump produ\u017eio bez odre\u0111enog roka. Razvoj doga\u0111aja dolazi usred stalnih tenzija od izbijanja rata 28. februara, s naporima usmjerenim na postizanje \u0161ireg sporazuma za okon\u010danje neprijateljstava.<\/p>\n<p>Koristimo kola\u010di\u0107e za pobolj\u0161anje iskustva i prikazivanje reklama (Google AdSense).<br \/>\n          Klikom na &#8220;Prihvati&#8221;, pristajete na kori\u0161tenje kola\u010di\u0107a u skladu sa<br \/>\n          Politika privatnosti<br \/>\n          i<br \/>\n          Politika kola\u010di\u0107a.<br \/>\n          Nepotrebne kola\u010di\u0107e mo\u017eete odbiti klikom na &#8220;Odbij&#8221;.<\/p>\n<hr style=\"margin:30px 0\">\n<p style=\"font-size:13px;color:#666\">Izvor: <strong>prizrenpost<\/strong><\/p>\n","protected":false},"excerpt":{"rendered":"<p>Ameri\u010dki predsjednik Donald Trump poslat \u0107e svog specijalnog izaslanika Stevea Witkoffa i savjetnika Jareda Kushnera u Pakistan na razgovore s iranskim ministrom vanjskih poslova Abbasom Araghchijem, navodi se u izvje\u0161taju objavljenom u petak, prenosi Anadolu. O\u010dekuje se da razgovori po\u010dnu ovog vikenda, izvijestio je CNN, pozivaju\u0107i se na dva anonimna ameri\u010dka zvani\u010dnika. Ne\u0107e im prisustvovati [&hellip;]<\/p>\n","protected":false},"author":1,"featured_media":30615,"comment_status":"open","ping_status":"open","sticky":false,"template":"","format":"standard","meta":{"footnotes":""},"categories":[24],"tags":[456],"class_list":["post-30614","post","type-post","status-publish","format-standard","has-post-thumbnail","hentry","category-svijet","tag-aktualnost"],"views":5,"_links":{"self":[{"href":"https:\/\/prizrenpost.com\/ba\/wp-json\/wp\/v2\/posts\/30614","targetHints":{"allow":["GET"]}}],"collection":[{"href":"https:\/\/prizrenpost.com\/ba\/wp-json\/wp\/v2\/posts"}],"about":[{"href":"https:\/\/prizrenpost.com\/ba\/wp-json\/wp\/v2\/types\/post"}],"author":[{"embeddable":true,"href":"https:\/\/prizrenpost.com\/ba\/wp-json\/wp\/v2\/users\/1"}],"replies":[{"embeddable":true,"href":"https:\/\/prizrenpost.com\/ba\/wp-json\/wp\/v2\/comments?post=30614"}],"version-history":[{"count":1,"href":"https:\/\/prizrenpost.com\/ba\/wp-json\/wp\/v2\/posts\/30614\/revisions"}],"predecessor-version":[{"id":30616,"href":"https:\/\/prizrenpost.com\/ba\/wp-json\/wp\/v2\/posts\/30614\/revisions\/30616"}],"wp:featuredmedia":[{"embeddable":true,"href":"https:\/\/prizrenpost.com\/ba\/wp-json\/wp\/v2\/media\/30615"}],"wp:attachment":[{"href":"https:\/\/prizrenpost.com\/ba\/wp-json\/wp\/v2\/media?parent=30614"}],"wp:term":[{"taxonomy":"category","embeddable":true,"href":"https:\/\/prizrenpost.com\/ba\/wp-json\/wp\/v2\/categories?post=30614"},{"taxonomy":"post_tag","embeddable":true,"href":"https:\/\/prizrenpost.com\/ba\/wp-json\/wp\/v2\/tags?post=30614"}],"curies":[{"name":"wp","href":"https:\/\/api.w.org\/{rel}","templated":true}]}}