{"id":30813,"date":"2026-04-25T20:11:54","date_gmt":"2026-04-25T18:11:54","guid":{"rendered":"https:\/\/prizrenpost.com\/ba\/grcka-i-francuska-obnavljaju-odbrambeni-pakt-i-prosiruju-stratesku-saradnju\/"},"modified":"2026-04-25T20:11:55","modified_gmt":"2026-04-25T18:11:55","slug":"grcka-i-francuska-obnavljaju-odbrambeni-pakt-i-prosiruju-stratesku-saradnju","status":"publish","type":"post","link":"https:\/\/prizrenpost.com\/ba\/grcka-i-francuska-obnavljaju-odbrambeni-pakt-i-prosiruju-stratesku-saradnju\/","title":{"rendered":"Gr\u010dka i Francuska obnavljaju odbrambeni pakt i pro\u0161iruju strate\u0161ku saradnju"},"content":{"rendered":"<p><img decoding=\"async\" src=\"https:\/\/prizrenpost.com\/ba\/wp-content\/uploads\/Greqia-dhe-Franca-rinovojne-paktin-e-mbrojtjes-dhe-zgjerojne-bashkepunimin-strategjik.jpg\" style=\"width:100%;height:auto;margin-bottom:20px\"><\/p>\n<p>Gr\u010dka i Francuska su obnovile sporazum o saradnji u sektoru odbrane i pro\u0161irile bilateralne veze u nekoliko sektora, jer evropske zemlje imaju za cilj da oja\u010daju odvra\u0107anje od rastu\u0107ih sigurnosnih izazova, javlja Anadolu.<\/p>\n<p>Tokom ceremonije u rezidenciji Maximos u Atini, francuski predsjednik Emmanuel Macron i gr\u010dki premijer Mitso Patakkos prvi su potpisali odbranu u Atini, a prvi premijer Gr\u010dke je potpisao ugovor o odbrani u Atini. 2021., tako\u0111er na sljede\u0107ih pet godina s automatskim obnavljanjem nakon toga.<\/p>\n<p>A\u017eurirani sporazum uklju\u010duje klauzulu o uzajamnoj odbrani prema kojoj se dvije zemlje obavezuju da \u0107e podr\u017eavati jedna drugu u slu\u010daju prijetnje njihovom suverenitetu.<\/p>\n<p>Dvije strane su tako\u0111er potpisale devet sporazuma koji pokrivaju oblasti kao \u0161to su obrazovanje, stru\u010dna obuka, za\u0161tita \u017eivotne sredine, \u0161iroka energetska za\u0161tita, expansion mark, expansion mark u strate\u0161ku saradnju.<\/p>\n<p>Govore\u0107i na zajedni\u010dkoj konferenciji za novinare, Makron je rekao da je Gr\u010dka na \u010delu velikih bezbednosnih izazova Evrope, dok je Micotakis tu posetu opisao kao reafirmaciju &#8220;gr\u010dko-francuskog saveza&#8221;.<\/p>\n<p>Dvojica lidera su tako\u0111e pozvala na prekid ratova u Ukrajini i navigaciju na Bliskom istoku, nagla\u0161avanje va\u017enosti Bliskog istoka u Ukrajini. Hormu\u0161ki tjesnac.<\/p>\n<p>Koristimo kola\u010di\u0107e za pobolj\u0161anje iskustva i prikaz oglasa (Google AdSense).<br \/>\n          Klikom na &#8220;Prihvati&#8221;, pristajete na kori\u0161tenje kola\u010di\u0107a u skladu sa<br \/>\n          Politika privatnosti<br \/>\n          i<br \/>\n          Politika kola\u010di\u0107a.<br \/>\n          Nepotrebne kola\u010di\u0107e mo\u017eete odbiti klikom na &#8220;Odbij&#8221;.<\/p>\n<hr style=\"margin:30px 0\">\n<p style=\"font-size:13px;color:#666\">Izvor: <strong>prizrenpost<\/strong><\/p>\n","protected":false},"excerpt":{"rendered":"<p>Gr\u010dka i Francuska su obnovile sporazum o saradnji u sektoru odbrane i pro\u0161irile bilateralne veze u nekoliko sektora, jer evropske zemlje imaju za cilj da oja\u010daju odvra\u0107anje od rastu\u0107ih sigurnosnih izazova, javlja Anadolu. Tokom ceremonije u rezidenciji Maximos u Atini, francuski predsjednik Emmanuel Macron i gr\u010dki premijer Mitso Patakkos prvi su potpisali odbranu u Atini, [&hellip;]<\/p>\n","protected":false},"author":1,"featured_media":30814,"comment_status":"open","ping_status":"open","sticky":false,"template":"","format":"standard","meta":{"footnotes":""},"categories":[24],"tags":[456],"class_list":["post-30813","post","type-post","status-publish","format-standard","has-post-thumbnail","hentry","category-svijet","tag-aktualnost"],"views":8,"_links":{"self":[{"href":"https:\/\/prizrenpost.com\/ba\/wp-json\/wp\/v2\/posts\/30813","targetHints":{"allow":["GET"]}}],"collection":[{"href":"https:\/\/prizrenpost.com\/ba\/wp-json\/wp\/v2\/posts"}],"about":[{"href":"https:\/\/prizrenpost.com\/ba\/wp-json\/wp\/v2\/types\/post"}],"author":[{"embeddable":true,"href":"https:\/\/prizrenpost.com\/ba\/wp-json\/wp\/v2\/users\/1"}],"replies":[{"embeddable":true,"href":"https:\/\/prizrenpost.com\/ba\/wp-json\/wp\/v2\/comments?post=30813"}],"version-history":[{"count":1,"href":"https:\/\/prizrenpost.com\/ba\/wp-json\/wp\/v2\/posts\/30813\/revisions"}],"predecessor-version":[{"id":30815,"href":"https:\/\/prizrenpost.com\/ba\/wp-json\/wp\/v2\/posts\/30813\/revisions\/30815"}],"wp:featuredmedia":[{"embeddable":true,"href":"https:\/\/prizrenpost.com\/ba\/wp-json\/wp\/v2\/media\/30814"}],"wp:attachment":[{"href":"https:\/\/prizrenpost.com\/ba\/wp-json\/wp\/v2\/media?parent=30813"}],"wp:term":[{"taxonomy":"category","embeddable":true,"href":"https:\/\/prizrenpost.com\/ba\/wp-json\/wp\/v2\/categories?post=30813"},{"taxonomy":"post_tag","embeddable":true,"href":"https:\/\/prizrenpost.com\/ba\/wp-json\/wp\/v2\/tags?post=30813"}],"curies":[{"name":"wp","href":"https:\/\/api.w.org\/{rel}","templated":true}]}}