{"id":30871,"date":"2026-04-26T07:55:54","date_gmt":"2026-04-26T05:55:54","guid":{"rendered":"https:\/\/prizrenpost.com\/ba\/velika-sigurnosna-kriza-iran-pogadja-unutrasnje-izdajnike\/"},"modified":"2026-04-26T07:55:56","modified_gmt":"2026-04-26T05:55:56","slug":"velika-sigurnosna-kriza-iran-pogadja-unutrasnje-izdajnike","status":"publish","type":"post","link":"https:\/\/prizrenpost.com\/ba\/velika-sigurnosna-kriza-iran-pogadja-unutrasnje-izdajnike\/","title":{"rendered":"Velika sigurnosna kriza, Iran poga\u0111a unutra\u0161nje &#8216;izdajnike&#8217;"},"content":{"rendered":"<p><img decoding=\"async\" src=\"https:\/\/prizrenpost.com\/ba\/wp-content\/uploads\/800-0-9a5e7f1ca3b8f949010b7423ceb271dd.jpg\" style=\"width:100%;height:auto;margin-bottom:20px\"><\/p>\n<p>\u0160ef iranskog pravosu\u0111a, Mohsen Ejei, jasno je rekao da \u0107e se \u0161pijunima i izdajnicima suditi po vanrednom stanju, primjenjuju\u0107i mjere koje smatra opravdanima ratnom fazom. Ovo je pra\u0107eno rasprostranjenim hap\u0161enjima i pogubljenjima, kao o\u0161tra i odvra\u0107aju\u0107a poruka neslaganjima ili onima za koje se sumnja da sara\u0111uju sa osovinom SAD-Izrael.<\/p>\n<p>Posljednja sudska odluka dovela je do pogubljenja Mehdija Farida, \u010dlana iranske Nacionalne atomske agencije. Uhap\u0161en je 2023. godine i prvo je osu\u0111en na 10 godina zatvora, ali mu je potom kazna preina\u010dena u izvr\u0161enje. Prema pravosudnim organima, optu\u017een je za saradnju sa izraelskom tajnom slu\u017ebom Mossad, pru\u017eanje informacija i inficiranje digitalnih sistema.<\/p>\n<p>Ovo su neke od naj\u010de\u0161\u0107ih optu\u017ebi protiv ljudi uhap\u0161enih prije i tokom sukoba.<\/p>\n<p>20. aprila pogubljena su dva \u010dlana Mud\u017eahedin-e Khalq, interne opozicione grupe. U me\u0111uvremenu, u periodu avgust-oktobar, likvidirani su i tehni\u010dar i nau\u010dnik iz nuklearnog sektora, osumnji\u010deni za saradnju sa &#8220;neprijateljem&#8221;.<\/p>\n<p>Ta pogubljenja i hap\u0161enja, kako navode nadle\u017eni, povezana su s odgovorom na infiltracije rivalskih obavje\u0161tajnih agencija. Tokom junske krize i operacije Epic Fury, strane slu\u017ebe, uklju\u010duju\u0107i izraelske i ameri\u010dke, navodno su uspjele prodrijeti na visoke nivoe iranskog sistema. Eliminacija nau\u010dnika povezanih sa istra\u017eiva\u010dkim programima i ubistvo nekoliko vojnih li\u010dnosti smatraju se ozbiljnim udarcima re\u017eimu, ali ne i odlu\u010duju\u0107im.<\/p>\n<p>Iz tog razloga, bezbednosni aparati su poja\u010dali poteru za osumnji\u010denima za infiltraciju, tra\u017ee\u0107i saradnike stranih slu\u017ebi i pove\u0107avaju\u0107i za\u0161titu strate\u0161kih objekata.<\/p>\n<p>Ova analiza ne slu\u017ei samo kao tvrda linija vlasti. protivmjere, ali i za obuzdavanje kritike unutra\u0161njosti. U pro\u0161losti su ciljana ubistva kao \u0161to je ubistvo poznatog nau\u010dnika Mohsena Fakhrizadeha izazvala debatu o sigurnosnim propustima i infiltraciji Mosada u iranske strukture.<\/p>\n<p>Jo\u0161 jedan front represije bila je doma\u0107a opozicija, koja uklju\u010duje i neorganizirane demonstrante i politi\u010dke grupe. Sudovi su gonili ljude koji su u\u010destvovali u protestima pro\u0161le zime, koji su optu\u017eeni za nasilje i napade na dr\u017eavne institucije. Tako\u0111er, vo\u0111ene su jake kampanje protiv etni\u010dkih manjina, kao \u0161to su Kurdi i Arapi, za koje se sumnja da su saradnici stranih slu\u017ebi. Nedavno je agencija Fars objavila uni\u0161tavanje mre\u017ee u provincijama Kurdistan i Kerman\u0161ah, uz hap\u0161enje preko 250 ljudi opisanih kao &#8220;kontrarevolucionari&#8221;, osumnji\u010denih za akcione planove uz podr\u0161ku SAD-a i Izraela. Sli\u010dne operacije izvedene su i u regiji Khuzestan, gdje djeluju arapske separatisti\u010dke grupe.<\/p>\n<p>Prema izvje\u0161tajima, ovaj val represije slu\u017ei i kao upozorenje, kazna za pobune i poku\u0161aj da se zatvori svaki prostor za nove proteste, u Iranu koji je pod velikim unutra\u0161njim i vanjskim pritiskom, dok vlastito vodstvo ostaje podijeljeno u kola\u010di\u0107ima i iskazuje se kako bi pobolj\u0161ali stavove. (Google AdSense).<br \/>\n          Klikom na &#8220;Prihvati&#8221;, pristajete na kori\u0161tenje kola\u010di\u0107a u skladu sa<br \/>\n          Politika privatnosti<br \/>\n          i<br \/>\n          Politika kola\u010di\u0107a.<br \/>\n          Nepotrebne kola\u010di\u0107e mo\u017eete odbiti klikom na &#8220;Odbij&#8221;.<\/p>\n<hr style=\"margin:30px 0\">\n<p style=\"font-size:13px;color:#666\">Izvor: <strong>prizrenpost<\/strong><\/p>\n","protected":false},"excerpt":{"rendered":"<p>\u0160ef iranskog pravosu\u0111a, Mohsen Ejei, jasno je rekao da \u0107e se \u0161pijunima i izdajnicima suditi po vanrednom stanju, primjenjuju\u0107i mjere koje smatra opravdanima ratnom fazom. Ovo je pra\u0107eno rasprostranjenim hap\u0161enjima i pogubljenjima, kao o\u0161tra i odvra\u0107aju\u0107a poruka neslaganjima ili onima za koje se sumnja da sara\u0111uju sa osovinom SAD-Izrael. Posljednja sudska odluka dovela je do [&hellip;]<\/p>\n","protected":false},"author":1,"featured_media":30872,"comment_status":"open","ping_status":"open","sticky":false,"template":"","format":"standard","meta":{"footnotes":""},"categories":[24],"tags":[456],"class_list":["post-30871","post","type-post","status-publish","format-standard","has-post-thumbnail","hentry","category-svijet","tag-aktualnost"],"views":3,"_links":{"self":[{"href":"https:\/\/prizrenpost.com\/ba\/wp-json\/wp\/v2\/posts\/30871","targetHints":{"allow":["GET"]}}],"collection":[{"href":"https:\/\/prizrenpost.com\/ba\/wp-json\/wp\/v2\/posts"}],"about":[{"href":"https:\/\/prizrenpost.com\/ba\/wp-json\/wp\/v2\/types\/post"}],"author":[{"embeddable":true,"href":"https:\/\/prizrenpost.com\/ba\/wp-json\/wp\/v2\/users\/1"}],"replies":[{"embeddable":true,"href":"https:\/\/prizrenpost.com\/ba\/wp-json\/wp\/v2\/comments?post=30871"}],"version-history":[{"count":1,"href":"https:\/\/prizrenpost.com\/ba\/wp-json\/wp\/v2\/posts\/30871\/revisions"}],"predecessor-version":[{"id":30873,"href":"https:\/\/prizrenpost.com\/ba\/wp-json\/wp\/v2\/posts\/30871\/revisions\/30873"}],"wp:featuredmedia":[{"embeddable":true,"href":"https:\/\/prizrenpost.com\/ba\/wp-json\/wp\/v2\/media\/30872"}],"wp:attachment":[{"href":"https:\/\/prizrenpost.com\/ba\/wp-json\/wp\/v2\/media?parent=30871"}],"wp:term":[{"taxonomy":"category","embeddable":true,"href":"https:\/\/prizrenpost.com\/ba\/wp-json\/wp\/v2\/categories?post=30871"},{"taxonomy":"post_tag","embeddable":true,"href":"https:\/\/prizrenpost.com\/ba\/wp-json\/wp\/v2\/tags?post=30871"}],"curies":[{"name":"wp","href":"https:\/\/api.w.org\/{rel}","templated":true}]}}