{"id":30889,"date":"2026-04-26T09:35:19","date_gmt":"2026-04-26T07:35:19","guid":{"rendered":"https:\/\/prizrenpost.com\/ba\/drzavljanin-sjeverne-makedonije-priveden-je-zbog-ilegalnog-prelaska-granice-na-kosovu\/"},"modified":"2026-04-26T09:35:25","modified_gmt":"2026-04-26T07:35:25","slug":"drzavljanin-sjeverne-makedonije-priveden-je-zbog-ilegalnog-prelaska-granice-na-kosovu","status":"publish","type":"post","link":"https:\/\/prizrenpost.com\/ba\/drzavljanin-sjeverne-makedonije-priveden-je-zbog-ilegalnog-prelaska-granice-na-kosovu\/","title":{"rendered":"Dr\u017eavljanin Sjeverne Makedonije priveden je zbog ilegalnog prelaska granice na Kosovu"},"content":{"rendered":"<p><img decoding=\"async\" src=\"https:\/\/prizrenpost.com\/ba\/wp-content\/uploads\/kufiri-kosove-maqedoni-one-stop-shop.jpeg\" style=\"width:100%;height:auto;margin-bottom:20px\"><\/p>\n<p>U Elezitskom Hanu priveden je dr\u017eavljanin Sjeverne Makedonije zbog sumnje da je ilegalno pre\u0161ao granicu Makedonije na Kosovo.<\/p>\n<p>Policija je saop\u0161tila da je odlukom tu\u017eioca, nakon obavljenog razgovora, osumnji\u010deni pu\u0161ten na slobodu i da se slu\u010daj nastavlja u redovnom postupku, prenosi Klankosova.tv. Kosovo. Odlukom tu\u017eioca, nakon obavljenog razgovora, osumnji\u010deni je pu\u0161ten i predmet se nastavlja u redovnom postupku\u201d, navodi se u izvje\u0161taju KP.<\/p>\n<p>Koristimo kola\u010di\u0107e za pobolj\u0161anje iskustva i prikazivanje oglasa (Google AdSense).<br \/>\n          Klikom na &#8220;Prihvati&#8221;, pristajete na kori\u0161tenje kola\u010di\u0107a u skladu sa<br \/>\n          Politika privatnosti<br \/>\n          i<br \/>\n          Politika kola\u010di\u0107a.<br \/>\n          Nepotrebne kola\u010di\u0107e mo\u017eete odbiti klikom na &#8220;Odbij&#8221;.<\/p>\n<hr style=\"margin:30px 0\">\n<p style=\"font-size:13px;color:#666\">Izvor: <strong>prizrenpost<\/strong><\/p>\n","protected":false},"excerpt":{"rendered":"<p>U Elezitskom Hanu priveden je dr\u017eavljanin Sjeverne Makedonije zbog sumnje da je ilegalno pre\u0161ao granicu Makedonije na Kosovo. Policija je saop\u0161tila da je odlukom tu\u017eioca, nakon obavljenog razgovora, osumnji\u010deni pu\u0161ten na slobodu i da se slu\u010daj nastavlja u redovnom postupku, prenosi Klankosova.tv. Kosovo. Odlukom tu\u017eioca, nakon obavljenog razgovora, osumnji\u010deni je pu\u0161ten i predmet se nastavlja [&hellip;]<\/p>\n","protected":false},"author":1,"featured_media":30890,"comment_status":"open","ping_status":"open","sticky":false,"template":"","format":"standard","meta":{"footnotes":""},"categories":[17],"tags":[],"class_list":["post-30889","post","type-post","status-publish","format-standard","has-post-thumbnail","hentry","category-17"],"views":5,"_links":{"self":[{"href":"https:\/\/prizrenpost.com\/ba\/wp-json\/wp\/v2\/posts\/30889","targetHints":{"allow":["GET"]}}],"collection":[{"href":"https:\/\/prizrenpost.com\/ba\/wp-json\/wp\/v2\/posts"}],"about":[{"href":"https:\/\/prizrenpost.com\/ba\/wp-json\/wp\/v2\/types\/post"}],"author":[{"embeddable":true,"href":"https:\/\/prizrenpost.com\/ba\/wp-json\/wp\/v2\/users\/1"}],"replies":[{"embeddable":true,"href":"https:\/\/prizrenpost.com\/ba\/wp-json\/wp\/v2\/comments?post=30889"}],"version-history":[{"count":1,"href":"https:\/\/prizrenpost.com\/ba\/wp-json\/wp\/v2\/posts\/30889\/revisions"}],"predecessor-version":[{"id":30891,"href":"https:\/\/prizrenpost.com\/ba\/wp-json\/wp\/v2\/posts\/30889\/revisions\/30891"}],"wp:featuredmedia":[{"embeddable":true,"href":"https:\/\/prizrenpost.com\/ba\/wp-json\/wp\/v2\/media\/30890"}],"wp:attachment":[{"href":"https:\/\/prizrenpost.com\/ba\/wp-json\/wp\/v2\/media?parent=30889"}],"wp:term":[{"taxonomy":"category","embeddable":true,"href":"https:\/\/prizrenpost.com\/ba\/wp-json\/wp\/v2\/categories?post=30889"},{"taxonomy":"post_tag","embeddable":true,"href":"https:\/\/prizrenpost.com\/ba\/wp-json\/wp\/v2\/tags?post=30889"}],"curies":[{"name":"wp","href":"https:\/\/api.w.org\/{rel}","templated":true}]}}