{"id":30898,"date":"2026-04-26T10:00:47","date_gmt":"2026-04-26T08:00:47","guid":{"rendered":"https:\/\/prizrenpost.com\/ba\/africka-unija-osudjuje-napade-u-maliju-izrazava-solidarnost-sa-snagama-sigurnosti\/"},"modified":"2026-04-26T10:00:49","modified_gmt":"2026-04-26T08:00:49","slug":"africka-unija-osudjuje-napade-u-maliju-izrazava-solidarnost-sa-snagama-sigurnosti","status":"publish","type":"post","link":"https:\/\/prizrenpost.com\/ba\/africka-unija-osudjuje-napade-u-maliju-izrazava-solidarnost-sa-snagama-sigurnosti\/","title":{"rendered":"Afri\u010dka unija osu\u0111uje napade u Maliju, izra\u017eava solidarnost sa snagama sigurnosti"},"content":{"rendered":"<p><img decoding=\"async\" src=\"https:\/\/prizrenpost.com\/ba\/wp-content\/uploads\/Mahmoud-Ali-Youssouf.jpg\" style=\"width:100%;height:auto;margin-bottom:20px\"><\/p>\n<p>Afri\u010dka unija je osudila nedavne napade u Maliju, upozoravaju\u0107i na opasnost koju oni predstavljaju za civile.<\/p>\n<p>Predsjedavaju\u0107i Komisije Afri\u010dke unije Mahmoud Ali Youssouf izjavio je da &#8220;najo\u0161trije osu\u0111uje ove akte&#8221;, nagla\u0161avaju\u0107i da oni mogu izlo\u017eiti civilno stanovni\u0161tvo velikoj opasnosti.<\/p>\n<p>Tako\u0111er je potvrdio \u010dvrstu miroljubivost te organizacije i potvrdio solidnu miroljubivost i podr\u0161ku organizacije. sa stanovni\u0161tvom Malija i snagama sigurnosti.<\/p>\n<p>Sukobi izme\u0111u malijske vojske i neidentifikovanih oru\u017eanih grupa, koje su vlasti okarakterizirale kao &#8220;teroristi\u010dke&#8221;, pogodili su glavni grad Bamako i nekoliko drugih regija u zemlji.<\/p>\n<p>Prema malijskoj vojsci, situacija je &#8220;pod kontrolom&#8221; i napada\u010di su pretrpjeli velike gubitke. Napadi su zabilje\u017eeni i u gradovima Gao i Kidal na sjeveru, kao i u Sevare u centralnom dijelu zemlje. \/message<\/p>\n<p>Koristimo kola\u010di\u0107e za pobolj\u0161anje iskustva i za prikaz oglasa (Google AdSense).<br \/>\n          Klikom na &#8220;Prihvati&#8221;, pristajete na kori\u0161tenje kola\u010di\u0107a u skladu sa<br \/>\n          Politika privatnosti<br \/>\n          i<br \/>\n          Politika kola\u010di\u0107a.<br \/>\n          Nepotrebne kola\u010di\u0107e mo\u017eete odbiti klikom na &#8220;Odbij&#8221;.<\/p>\n<hr style=\"margin:30px 0\">\n<p style=\"font-size:13px;color:#666\">Izvor: <strong>prizrenpost<\/strong><\/p>\n","protected":false},"excerpt":{"rendered":"<p>Afri\u010dka unija je osudila nedavne napade u Maliju, upozoravaju\u0107i na opasnost koju oni predstavljaju za civile. Predsjedavaju\u0107i Komisije Afri\u010dke unije Mahmoud Ali Youssouf izjavio je da &#8220;najo\u0161trije osu\u0111uje ove akte&#8221;, nagla\u0161avaju\u0107i da oni mogu izlo\u017eiti civilno stanovni\u0161tvo velikoj opasnosti. Tako\u0111er je potvrdio \u010dvrstu miroljubivost te organizacije i potvrdio solidnu miroljubivost i podr\u0161ku organizacije. sa stanovni\u0161tvom [&hellip;]<\/p>\n","protected":false},"author":1,"featured_media":30899,"comment_status":"open","ping_status":"open","sticky":false,"template":"","format":"standard","meta":{"footnotes":""},"categories":[24],"tags":[456],"class_list":["post-30898","post","type-post","status-publish","format-standard","has-post-thumbnail","hentry","category-svijet","tag-aktualnost"],"views":3,"_links":{"self":[{"href":"https:\/\/prizrenpost.com\/ba\/wp-json\/wp\/v2\/posts\/30898","targetHints":{"allow":["GET"]}}],"collection":[{"href":"https:\/\/prizrenpost.com\/ba\/wp-json\/wp\/v2\/posts"}],"about":[{"href":"https:\/\/prizrenpost.com\/ba\/wp-json\/wp\/v2\/types\/post"}],"author":[{"embeddable":true,"href":"https:\/\/prizrenpost.com\/ba\/wp-json\/wp\/v2\/users\/1"}],"replies":[{"embeddable":true,"href":"https:\/\/prizrenpost.com\/ba\/wp-json\/wp\/v2\/comments?post=30898"}],"version-history":[{"count":1,"href":"https:\/\/prizrenpost.com\/ba\/wp-json\/wp\/v2\/posts\/30898\/revisions"}],"predecessor-version":[{"id":30900,"href":"https:\/\/prizrenpost.com\/ba\/wp-json\/wp\/v2\/posts\/30898\/revisions\/30900"}],"wp:featuredmedia":[{"embeddable":true,"href":"https:\/\/prizrenpost.com\/ba\/wp-json\/wp\/v2\/media\/30899"}],"wp:attachment":[{"href":"https:\/\/prizrenpost.com\/ba\/wp-json\/wp\/v2\/media?parent=30898"}],"wp:term":[{"taxonomy":"category","embeddable":true,"href":"https:\/\/prizrenpost.com\/ba\/wp-json\/wp\/v2\/categories?post=30898"},{"taxonomy":"post_tag","embeddable":true,"href":"https:\/\/prizrenpost.com\/ba\/wp-json\/wp\/v2\/tags?post=30898"}],"curies":[{"name":"wp","href":"https:\/\/api.w.org\/{rel}","templated":true}]}}