{"id":30904,"date":"2026-04-26T11:56:37","date_gmt":"2026-04-26T09:56:37","guid":{"rendered":"https:\/\/prizrenpost.com\/ba\/napad-vatrenim-oruzjem-na-bijelu-kucu-rama-reaguje-ostro-ga-osudjujem-osjecam-olaksanje-sto-su-trump-i-drugi-sigurni-i-zdravi\/"},"modified":"2026-04-26T11:56:38","modified_gmt":"2026-04-26T09:56:38","slug":"napad-vatrenim-oruzjem-na-bijelu-kucu-rama-reaguje-ostro-ga-osudjujem-osjecam-olaksanje-sto-su-trump-i-drugi-sigurni-i-zdravi","status":"publish","type":"post","link":"https:\/\/prizrenpost.com\/ba\/napad-vatrenim-oruzjem-na-bijelu-kucu-rama-reaguje-ostro-ga-osudjujem-osjecam-olaksanje-sto-su-trump-i-drugi-sigurni-i-zdravi\/","title":{"rendered":"Napad vatrenim oru\u017ejem na Bijelu ku\u0107u, Rama reaguje: O\u0161tro ga osu\u0111ujem, osje\u0107am olak\u0161anje \u0161to su Trump i drugi sigurni i zdravi"},"content":{"rendered":"<p><img decoding=\"async\" src=\"https:\/\/prizrenpost.com\/ba\/wp-content\/uploads\/800-0-73deea1451ccd9d4c1ea43d37738b54f.jpg\" style=\"width:100%;height:auto;margin-bottom:20px\"><\/p>\n<p>Premijer Edi Rama reagovao je na vijest o napadu oru\u017ejem tokom predsjedni\u010dke aktivnosti u Washingtonu, D.C., opisuju\u0107i taj doga\u0111aj kao \u0161okantan i udar na samu su\u0161tinu demokratskog \u017eivota. Kroz objavu na dru\u0161tvenoj mre\u017ei X, Rama izra\u017eava da najo\u0161trije osu\u0111uje \u010din nasilja, isti\u010du\u0107i da osje\u0107a olak\u0161anje \u0161to su Donald Trump i svi prisutni zdravi i zdravi.<\/p>\n<p>&#8220;\u0160okantno je primiti vijest o nasilnom napadu pi\u0161toljem od strane revolvera\u0161a u hotelu u Washingtonu, DC tokom jednog napada na na\u0161u slobodu i predsjedni\u010dke slobode. svugdje o\u0161tro osu\u0111ujem \u0161to su predsjednik i svi prisutni na sigurnom i dobro\u201c, pi\u0161e Rama u \u201eX\u201c.<\/p>\n<p>Koristimo kola\u010di\u0107e za pobolj\u0161anje iskustva i za prikazivanje reklama.<br \/>\n          Klikom na &#8220;Prihvati&#8221;, pristajete na kori\u0161tenje kola\u010di\u0107a u skladu sa<br \/>\n          Politika privatnosti<br \/>\n          i<br \/>\n          Politika kola\u010di\u0107a.<br \/>\n          Nepotrebne kola\u010di\u0107e mo\u017eete odbiti klikom na &#8220;Odbij&#8221;.<\/p>\n<hr style=\"margin:30px 0\">\n<p style=\"font-size:13px;color:#666\">Izvor: <strong>prizrenpost<\/strong><\/p>\n","protected":false},"excerpt":{"rendered":"<p>Premijer Edi Rama reagovao je na vijest o napadu oru\u017ejem tokom predsjedni\u010dke aktivnosti u Washingtonu, D.C., opisuju\u0107i taj doga\u0111aj kao \u0161okantan i udar na samu su\u0161tinu demokratskog \u017eivota. Kroz objavu na dru\u0161tvenoj mre\u017ei X, Rama izra\u017eava da najo\u0161trije osu\u0111uje \u010din nasilja, isti\u010du\u0107i da osje\u0107a olak\u0161anje \u0161to su Donald Trump i svi prisutni zdravi i zdravi. [&hellip;]<\/p>\n","protected":false},"author":1,"featured_media":30905,"comment_status":"open","ping_status":"open","sticky":false,"template":"","format":"standard","meta":{"footnotes":""},"categories":[24],"tags":[456],"class_list":["post-30904","post","type-post","status-publish","format-standard","has-post-thumbnail","hentry","category-svijet","tag-aktualnost"],"views":5,"_links":{"self":[{"href":"https:\/\/prizrenpost.com\/ba\/wp-json\/wp\/v2\/posts\/30904","targetHints":{"allow":["GET"]}}],"collection":[{"href":"https:\/\/prizrenpost.com\/ba\/wp-json\/wp\/v2\/posts"}],"about":[{"href":"https:\/\/prizrenpost.com\/ba\/wp-json\/wp\/v2\/types\/post"}],"author":[{"embeddable":true,"href":"https:\/\/prizrenpost.com\/ba\/wp-json\/wp\/v2\/users\/1"}],"replies":[{"embeddable":true,"href":"https:\/\/prizrenpost.com\/ba\/wp-json\/wp\/v2\/comments?post=30904"}],"version-history":[{"count":1,"href":"https:\/\/prizrenpost.com\/ba\/wp-json\/wp\/v2\/posts\/30904\/revisions"}],"predecessor-version":[{"id":30906,"href":"https:\/\/prizrenpost.com\/ba\/wp-json\/wp\/v2\/posts\/30904\/revisions\/30906"}],"wp:featuredmedia":[{"embeddable":true,"href":"https:\/\/prizrenpost.com\/ba\/wp-json\/wp\/v2\/media\/30905"}],"wp:attachment":[{"href":"https:\/\/prizrenpost.com\/ba\/wp-json\/wp\/v2\/media?parent=30904"}],"wp:term":[{"taxonomy":"category","embeddable":true,"href":"https:\/\/prizrenpost.com\/ba\/wp-json\/wp\/v2\/categories?post=30904"},{"taxonomy":"post_tag","embeddable":true,"href":"https:\/\/prizrenpost.com\/ba\/wp-json\/wp\/v2\/tags?post=30904"}],"curies":[{"name":"wp","href":"https:\/\/api.w.org\/{rel}","templated":true}]}}