{"id":30913,"date":"2026-04-26T11:56:54","date_gmt":"2026-04-26T09:56:54","guid":{"rendered":"https:\/\/prizrenpost.com\/ba\/osumnjiceni-za-pucnjavu-na-veceri-u-bijeloj-kuci-rekao-je-da-je-ciljao-na-zvanicnike-trumpove-administracije\/"},"modified":"2026-04-26T11:56:55","modified_gmt":"2026-04-26T09:56:55","slug":"osumnjiceni-za-pucnjavu-na-veceri-u-bijeloj-kuci-rekao-je-da-je-ciljao-na-zvanicnike-trumpove-administracije","status":"publish","type":"post","link":"https:\/\/prizrenpost.com\/ba\/osumnjiceni-za-pucnjavu-na-veceri-u-bijeloj-kuci-rekao-je-da-je-ciljao-na-zvanicnike-trumpove-administracije\/","title":{"rendered":"Osumnji\u010deni za pucnjavu na ve\u010deri u Bijeloj ku\u0107i rekao je da je ciljao na zvani\u010dnike Trumpove administracije"},"content":{"rendered":"<p><img decoding=\"async\" src=\"https:\/\/prizrenpost.com\/ba\/wp-content\/uploads\/thumbs_b_c_920fd0b1d32034f25d54a817fc8e8b9c.jpg\" style=\"width:100%;height:auto;margin-bottom:20px\"><\/p>\n<p>Osumnji\u010deni za incident pucnjave ispred dopisni\u010dke ve\u010dere u Bijeloj ku\u0107i sino\u0107 je rekao vlastima da cilja na zvani\u010dnike u administraciji ameri\u010dkog predsjednika Donalda Trumpa, prenosi Anadolu.<\/p>\n<p>Pozivaju\u0107i se na izvore za provo\u0111enje zakona, CBS News je izvijestio da je osumnji\u010deni, identificiran kao Cole Allen, dao izjavu nakon hap\u0161enja.<\/p>\n<p>Izvori nisu konkretno naveli osumnji\u010denog predsjednika, ali su izvori rekli da je Trump konkretno ciljao na predsjednika. &#8220;administrativni slu\u017ebenici&#8221;.<\/p>\n<p>Vlasti jo\u0161 nisu javno potvrdile motiv osumnji\u010denog, dok se istraga nastavlja.<\/p>\n<p>Incident se dogodio u Washington Hilton hotelu, gdje se odr\u017eavala godi\u0161nja ve\u010dera, \u0161to je dovelo do evakuacije predsjednika Trumpa, prve dame Melanije Trump, potpredsjednika JD Vancea i drugih vi\u0161ih zvani\u010dnika za prikazivanje kola\u010di\u0107a za Googleove i iskustvo u AdSense-u.<\/p>\n<\/p>\n<p>          Klikom na &#8220;Prihvati&#8221;, pristajete na kori\u0161tenje kola\u010di\u0107a u skladu sa<br \/>\n          Politika privatnosti<br \/>\n          i<br \/>\n          Politika kola\u010di\u0107a.<br \/>\n          Nepotrebne kola\u010di\u0107e mo\u017eete odbiti klikom na &#8220;Odbij&#8221;.<\/p>\n<hr style=\"margin:30px 0\">\n<p style=\"font-size:13px;color:#666\">Izvor: <strong>prizrenpost<\/strong><\/p>\n","protected":false},"excerpt":{"rendered":"<p>Osumnji\u010deni za incident pucnjave ispred dopisni\u010dke ve\u010dere u Bijeloj ku\u0107i sino\u0107 je rekao vlastima da cilja na zvani\u010dnike u administraciji ameri\u010dkog predsjednika Donalda Trumpa, prenosi Anadolu. Pozivaju\u0107i se na izvore za provo\u0111enje zakona, CBS News je izvijestio da je osumnji\u010deni, identificiran kao Cole Allen, dao izjavu nakon hap\u0161enja. Izvori nisu konkretno naveli osumnji\u010denog predsjednika, ali [&hellip;]<\/p>\n","protected":false},"author":1,"featured_media":30914,"comment_status":"open","ping_status":"open","sticky":false,"template":"","format":"standard","meta":{"footnotes":""},"categories":[24],"tags":[456],"class_list":["post-30913","post","type-post","status-publish","format-standard","has-post-thumbnail","hentry","category-svijet","tag-aktualnost"],"views":5,"_links":{"self":[{"href":"https:\/\/prizrenpost.com\/ba\/wp-json\/wp\/v2\/posts\/30913","targetHints":{"allow":["GET"]}}],"collection":[{"href":"https:\/\/prizrenpost.com\/ba\/wp-json\/wp\/v2\/posts"}],"about":[{"href":"https:\/\/prizrenpost.com\/ba\/wp-json\/wp\/v2\/types\/post"}],"author":[{"embeddable":true,"href":"https:\/\/prizrenpost.com\/ba\/wp-json\/wp\/v2\/users\/1"}],"replies":[{"embeddable":true,"href":"https:\/\/prizrenpost.com\/ba\/wp-json\/wp\/v2\/comments?post=30913"}],"version-history":[{"count":1,"href":"https:\/\/prizrenpost.com\/ba\/wp-json\/wp\/v2\/posts\/30913\/revisions"}],"predecessor-version":[{"id":30915,"href":"https:\/\/prizrenpost.com\/ba\/wp-json\/wp\/v2\/posts\/30913\/revisions\/30915"}],"wp:featuredmedia":[{"embeddable":true,"href":"https:\/\/prizrenpost.com\/ba\/wp-json\/wp\/v2\/media\/30914"}],"wp:attachment":[{"href":"https:\/\/prizrenpost.com\/ba\/wp-json\/wp\/v2\/media?parent=30913"}],"wp:term":[{"taxonomy":"category","embeddable":true,"href":"https:\/\/prizrenpost.com\/ba\/wp-json\/wp\/v2\/categories?post=30913"},{"taxonomy":"post_tag","embeddable":true,"href":"https:\/\/prizrenpost.com\/ba\/wp-json\/wp\/v2\/tags?post=30913"}],"curies":[{"name":"wp","href":"https:\/\/api.w.org\/{rel}","templated":true}]}}