{"id":30916,"date":"2026-04-26T11:57:05","date_gmt":"2026-04-26T09:57:05","guid":{"rendered":"https:\/\/prizrenpost.com\/ba\/bayern-odustaje-od-jacksona-povratak-u-chelsea-je-neizbjezan\/"},"modified":"2026-04-26T11:57:09","modified_gmt":"2026-04-26T09:57:09","slug":"bayern-odustaje-od-jacksona-povratak-u-chelsea-je-neizbjezan","status":"publish","type":"post","link":"https:\/\/prizrenpost.com\/ba\/bayern-odustaje-od-jacksona-povratak-u-chelsea-je-neizbjezan\/","title":{"rendered":"Bayern odustaje od Jacksona, povratak u Chelsea je neizbje\u017ean"},"content":{"rendered":"<p><img decoding=\"async\" src=\"https:\/\/prizrenpost.com\/ba\/wp-content\/uploads\/nicolas-jackson-1.png\" style=\"width:100%;height:auto;margin-bottom:20px\"><\/p>\n<p>Bajern Minhen je odlu\u010dio da ne aktivira opciju kupovine za Nicolasa D\u017eeksona, otvaraju\u0107i put napada\u010du da se vrati u \u010celsi na kraju sezone.<\/p>\n<p>23-godi\u0161njak nije uspeo u potpunosti da ubedi \u010delnike bavarskog kluba, uprkos balansu od 10 golova i 4 asistencije u svim 2 takmi\u010denja. Njegova forma je procijenjena ispod o\u010dekivanja njema\u010dkog kluba.<\/p>\n<p>Odluku je potvrdio i sportski direktor Max Eberl, koji je nagovijestio da se dogovor ne\u0107e pretvoriti u trajni transfer.<\/p>\n<p>O\u010dekuje se da \u0107e se Jackson na ljeto vratiti u Chelsea, gdje \u0107e odlu\u010diti o svojoj budu\u0107nosti uo\u010di novog tr\u017ei\u0161ta.\/04 Koristimo internetsko iskustvo s kola\u010di\u0107ima za pobolj\u0161anje oglasa na Google-u (AdSense koristimo internetsko iskustvo za pobolj\u0161anje &gt;&lt;p).<br \/>\n          Klikom na &quot;Prihvati&quot;, pristajete na kori\u0161tenje kola\u010di\u0107a u skladu sa<br \/>\n          Politika privatnosti<br \/>\n          i<br \/>\n          Politika kola\u010di\u0107a.<br \/>\n          Nepotrebne kola\u010di\u0107e mo\u017eete odbiti klikom na &quot;Odbij&quot;.<\/p>\n<hr style=\"margin:30px 0\">\n<p style=\"font-size:13px;color:#666\">Izvor: <strong>prizrenpost<\/strong><\/p>\n","protected":false},"excerpt":{"rendered":"<p>Bajern Minhen je odlu\u010dio da ne aktivira opciju kupovine za Nicolasa D\u017eeksona, otvaraju\u0107i put napada\u010du da se vrati u \u010celsi na kraju sezone. 23-godi\u0161njak nije uspeo u potpunosti da ubedi \u010delnike bavarskog kluba, uprkos balansu od 10 golova i 4 asistencije u svim 2 takmi\u010denja. Njegova forma je procijenjena ispod o\u010dekivanja njema\u010dkog kluba. Odluku je [&hellip;]<\/p>\n","protected":false},"author":1,"featured_media":30917,"comment_status":"open","ping_status":"open","sticky":false,"template":"","format":"standard","meta":{"footnotes":""},"categories":[7],"tags":[],"class_list":["post-30916","post","type-post","status-publish","format-standard","has-post-thumbnail","hentry","category-sport"],"views":5,"_links":{"self":[{"href":"https:\/\/prizrenpost.com\/ba\/wp-json\/wp\/v2\/posts\/30916","targetHints":{"allow":["GET"]}}],"collection":[{"href":"https:\/\/prizrenpost.com\/ba\/wp-json\/wp\/v2\/posts"}],"about":[{"href":"https:\/\/prizrenpost.com\/ba\/wp-json\/wp\/v2\/types\/post"}],"author":[{"embeddable":true,"href":"https:\/\/prizrenpost.com\/ba\/wp-json\/wp\/v2\/users\/1"}],"replies":[{"embeddable":true,"href":"https:\/\/prizrenpost.com\/ba\/wp-json\/wp\/v2\/comments?post=30916"}],"version-history":[{"count":1,"href":"https:\/\/prizrenpost.com\/ba\/wp-json\/wp\/v2\/posts\/30916\/revisions"}],"predecessor-version":[{"id":30918,"href":"https:\/\/prizrenpost.com\/ba\/wp-json\/wp\/v2\/posts\/30916\/revisions\/30918"}],"wp:featuredmedia":[{"embeddable":true,"href":"https:\/\/prizrenpost.com\/ba\/wp-json\/wp\/v2\/media\/30917"}],"wp:attachment":[{"href":"https:\/\/prizrenpost.com\/ba\/wp-json\/wp\/v2\/media?parent=30916"}],"wp:term":[{"taxonomy":"category","embeddable":true,"href":"https:\/\/prizrenpost.com\/ba\/wp-json\/wp\/v2\/categories?post=30916"},{"taxonomy":"post_tag","embeddable":true,"href":"https:\/\/prizrenpost.com\/ba\/wp-json\/wp\/v2\/tags?post=30916"}],"curies":[{"name":"wp","href":"https:\/\/api.w.org\/{rel}","templated":true}]}}