{"id":30922,"date":"2026-04-26T11:58:00","date_gmt":"2026-04-26T09:58:00","guid":{"rendered":"https:\/\/prizrenpost.com\/ba\/kradja-u-prodavnicama-i-fabrikama-u-urosevcu-uhvacen-35-godisnji-lopov\/"},"modified":"2026-04-26T11:58:01","modified_gmt":"2026-04-26T09:58:01","slug":"kradja-u-prodavnicama-i-fabrikama-u-urosevcu-uhvacen-35-godisnji-lopov","status":"publish","type":"post","link":"https:\/\/prizrenpost.com\/ba\/kradja-u-prodavnicama-i-fabrikama-u-urosevcu-uhvacen-35-godisnji-lopov\/","title":{"rendered":"Kra\u0111a u prodavnicama i fabrikama u Uro\u0161evcu, uhva\u0107en 35-godi\u0161nji lopov"},"content":{"rendered":"<p><img decoding=\"async\" src=\"https:\/\/prizrenpost.com\/ba\/wp-content\/uploads\/auto_policia-e-kosoves-600x360_11775286371.jpg\" style=\"width:100%;height:auto;margin-bottom:20px\"><\/p>\n<p>35-godi\u0161nji mu\u0161karac inicijala S.T uhap\u0161en je zbog krivi\u010dnog dela &#8220;te\u0161ka kra\u0111a&#8221; u Uro\u0161evcu.<\/p>\n<p>Kra\u0111e su, prema podacima policije, izvr\u0161ene u gradu Uro\u0161evcu i okolnim selima: Sojev\u00eb, Babu\u0161, Dardani, Fshati Vjet\u00ebr, prenosi Klapkosed on&gt;<\/p>\n<p>Klapkosed on<\/p>\n<p>&gt; Prema zvani\u010dnim podacima, kra\u0111e su po\u010dinjene uglavnom u poslovnim objektima (prodavnice i fabrike), gde je proneveren novac i dragocenosti.<\/p>\n<p>Dana 25.04.2026.godine, po nalogu Osnovnog suda u Uro\u0161evcu, izvr\u0161en je pretres u njegovoj ku\u0107i, gde su prona\u0111eni materijalni dokazi, uklju\u010duju\u0107i ode\u0107u i oru\u0111e kori\u0161\u0107eno u izvr\u0161enju krivi\u010dnih dela, kao i prisustvo osumnji\u010denog za izvr\u0161enje krivi\u010dnih dela. advokata, koriste\u0107i pravo na \u0161utnju.<\/p>\n<p>Po ovla\u0161tenju dr\u017eavnog tu\u017eioca pokrenut je postupak zbog krivi\u010dnog djela &#8220;Te\u0161ka kra\u0111a&#8221; i zabrana mu je na 48 sati, radi daljeg istra\u017enog postupka.<\/p>\n<p>Koristimo kola\u010di\u0107e za pobolj\u0161anje iskustva i prikazivanje oglasa (Google AdSense).<br \/>\n          Klikom na &#8220;Prihvati&#8221;, pristajete na kori\u0161tenje kola\u010di\u0107a u skladu sa<br \/>\n          Politika privatnosti<br \/>\n          i<br \/>\n          Politika kola\u010di\u0107a.<br \/>\n          Nepotrebne kola\u010di\u0107e mo\u017eete odbiti klikom na &#8220;Odbij&#8221;.<\/p>\n<hr style=\"margin:30px 0\">\n<p style=\"font-size:13px;color:#666\">Izvor: <strong>prizrenpost<\/strong><\/p>\n","protected":false},"excerpt":{"rendered":"<p>35-godi\u0161nji mu\u0161karac inicijala S.T uhap\u0161en je zbog krivi\u010dnog dela &#8220;te\u0161ka kra\u0111a&#8221; u Uro\u0161evcu. Kra\u0111e su, prema podacima policije, izvr\u0161ene u gradu Uro\u0161evcu i okolnim selima: Sojev\u00eb, Babu\u0161, Dardani, Fshati Vjet\u00ebr, prenosi Klapkosed on&gt; Klapkosed on &gt; Prema zvani\u010dnim podacima, kra\u0111e su po\u010dinjene uglavnom u poslovnim objektima (prodavnice i fabrike), gde je proneveren novac i dragocenosti. [&hellip;]<\/p>\n","protected":false},"author":1,"featured_media":30923,"comment_status":"open","ping_status":"open","sticky":false,"template":"","format":"standard","meta":{"footnotes":""},"categories":[17],"tags":[],"class_list":["post-30922","post","type-post","status-publish","format-standard","has-post-thumbnail","hentry","category-17"],"views":2,"_links":{"self":[{"href":"https:\/\/prizrenpost.com\/ba\/wp-json\/wp\/v2\/posts\/30922","targetHints":{"allow":["GET"]}}],"collection":[{"href":"https:\/\/prizrenpost.com\/ba\/wp-json\/wp\/v2\/posts"}],"about":[{"href":"https:\/\/prizrenpost.com\/ba\/wp-json\/wp\/v2\/types\/post"}],"author":[{"embeddable":true,"href":"https:\/\/prizrenpost.com\/ba\/wp-json\/wp\/v2\/users\/1"}],"replies":[{"embeddable":true,"href":"https:\/\/prizrenpost.com\/ba\/wp-json\/wp\/v2\/comments?post=30922"}],"version-history":[{"count":1,"href":"https:\/\/prizrenpost.com\/ba\/wp-json\/wp\/v2\/posts\/30922\/revisions"}],"predecessor-version":[{"id":30924,"href":"https:\/\/prizrenpost.com\/ba\/wp-json\/wp\/v2\/posts\/30922\/revisions\/30924"}],"wp:featuredmedia":[{"embeddable":true,"href":"https:\/\/prizrenpost.com\/ba\/wp-json\/wp\/v2\/media\/30923"}],"wp:attachment":[{"href":"https:\/\/prizrenpost.com\/ba\/wp-json\/wp\/v2\/media?parent=30922"}],"wp:term":[{"taxonomy":"category","embeddable":true,"href":"https:\/\/prizrenpost.com\/ba\/wp-json\/wp\/v2\/categories?post=30922"},{"taxonomy":"post_tag","embeddable":true,"href":"https:\/\/prizrenpost.com\/ba\/wp-json\/wp\/v2\/tags?post=30922"}],"curies":[{"name":"wp","href":"https:\/\/api.w.org\/{rel}","templated":true}]}}