{"id":30928,"date":"2026-04-26T12:30:29","date_gmt":"2026-04-26T10:30:29","guid":{"rendered":"https:\/\/prizrenpost.com\/ba\/nakon-poraza-na-izborima-orban-odustaje-od-mandata-u-parlamentu-fides-ce-biti-potpuno-transformiran\/"},"modified":"2026-04-26T12:30:34","modified_gmt":"2026-04-26T10:30:34","slug":"nakon-poraza-na-izborima-orban-odustaje-od-mandata-u-parlamentu-fides-ce-biti-potpuno-transformiran","status":"publish","type":"post","link":"https:\/\/prizrenpost.com\/ba\/nakon-poraza-na-izborima-orban-odustaje-od-mandata-u-parlamentu-fides-ce-biti-potpuno-transformiran\/","title":{"rendered":"Nakon poraza na izborima, Orban odustaje od mandata u Parlamentu: Fides \u0107e biti potpuno transformiran"},"content":{"rendered":"<p><img decoding=\"async\" src=\"https:\/\/prizrenpost.com\/ba\/wp-content\/uploads\/Viktor-Orban.jpg\" style=\"width:100%;height:auto;margin-bottom:20px\"><\/p>\n<p>Odlaze\u0107i ma\u0111arski premijer Viktor Orban rekao je da ne\u0107e zauzeti mjesto u novom parlamentu nakon poraza na izborima, najavljuju\u0107i da \u0107e se fokusirati na reorganizaciju &#8220;patriotskog pokreta&#8221; u zemlji. Orban je u video izjavi u subotu rekao da je poslani\u010dki mandat koji je osvojio kao \u0161ef liste Fidesz-KDNP &#8220;u stvari poslani\u010dki mandat Fidesza&#8221; i da je zato odlu\u010dio da ga &#8220;vrati&#8221;.<\/p>\n<p>&#8220;Sada mi ne treba parlament, ali reorganizacija patriotskog pokreta dolazi dvije sedmice nakon poteza&#8221;, rekao je Orban.<\/p>\n<p> dugo dominantnu stranku Fidesz slomila je stranka Tisa Petra Ma\u0111ara, koja je osvojila 141 od 199 mjesta na ma\u0111arskim parlamentarnim izborima 12. aprila.<\/p>\n<p>Orban je rekao da \u0107e parlamentarna frakcija Fidesa biti &#8220;radikalno transformisana&#8221; i da \u0107e Gergely Gulyas biti na \u010delu nove grupe u ponedjeljak. On je tako\u0111er rekao da \u0107e stranka odr\u017eati nacionalnu skup\u0161tinu sljede\u0107e sedmice i odr\u017eati &#8220;obnoviteljski kongres&#8221; u junu. Uprkos napu\u0161tanju parlamenta, Orban je jasno stavio do znanja da namjerava ostati na \u010delu stranke, rekav\u0161i da mu je vodstvo predlo\u017eilo da ostane predsjednik Fidesa i da je spreman to u\u010diniti ako mu kongres obnovi povjerenje.<\/p>\n<p>Orban je upotrijebio prkosan ton umjesto da se povu\u010de, govore\u0107i pristalicama da su &#8220;ovaj zajedni\u0161tvo Hung i tabor<\/p>\n<p> ostala najja\u010da politi\u010dka jedinica&#8221;. izborni poraz ozna\u010dio je najve\u0107i preokret u Orbanovoj karijeri i o\u010dekuje se da \u0107e preoblikovati odnose Ma\u0111arske s EU i SAD-om, kao i s Rusijom i Ukrajinom.<\/p>\n<p>Koristimo kola\u010di\u0107e za pobolj\u0161anje iskustva i prikazivanje oglasa (Google AdSense).<br \/>\n          Klikom na &#8220;Prihvati&#8221;, pristajete na kori\u0161tenje kola\u010di\u0107a u skladu sa<br \/>\n          Politika privatnosti<br \/>\n          i<br \/>\n          Politika kola\u010di\u0107a.<br \/>\n          Nepotrebne kola\u010di\u0107e mo\u017eete odbiti klikom na &#8220;Odbij&#8221;.<\/p>\n<hr style=\"margin:30px 0\">\n<p style=\"font-size:13px;color:#666\">Izvor: <strong>prizrenpost<\/strong><\/p>\n","protected":false},"excerpt":{"rendered":"<p>Odlaze\u0107i ma\u0111arski premijer Viktor Orban rekao je da ne\u0107e zauzeti mjesto u novom parlamentu nakon poraza na izborima, najavljuju\u0107i da \u0107e se fokusirati na reorganizaciju &#8220;patriotskog pokreta&#8221; u zemlji. Orban je u video izjavi u subotu rekao da je poslani\u010dki mandat koji je osvojio kao \u0161ef liste Fidesz-KDNP &#8220;u stvari poslani\u010dki mandat Fidesza&#8221; i da [&hellip;]<\/p>\n","protected":false},"author":1,"featured_media":30929,"comment_status":"open","ping_status":"open","sticky":false,"template":"","format":"standard","meta":{"footnotes":""},"categories":[24],"tags":[456],"class_list":["post-30928","post","type-post","status-publish","format-standard","has-post-thumbnail","hentry","category-svijet","tag-aktualnost"],"views":5,"_links":{"self":[{"href":"https:\/\/prizrenpost.com\/ba\/wp-json\/wp\/v2\/posts\/30928","targetHints":{"allow":["GET"]}}],"collection":[{"href":"https:\/\/prizrenpost.com\/ba\/wp-json\/wp\/v2\/posts"}],"about":[{"href":"https:\/\/prizrenpost.com\/ba\/wp-json\/wp\/v2\/types\/post"}],"author":[{"embeddable":true,"href":"https:\/\/prizrenpost.com\/ba\/wp-json\/wp\/v2\/users\/1"}],"replies":[{"embeddable":true,"href":"https:\/\/prizrenpost.com\/ba\/wp-json\/wp\/v2\/comments?post=30928"}],"version-history":[{"count":1,"href":"https:\/\/prizrenpost.com\/ba\/wp-json\/wp\/v2\/posts\/30928\/revisions"}],"predecessor-version":[{"id":30930,"href":"https:\/\/prizrenpost.com\/ba\/wp-json\/wp\/v2\/posts\/30928\/revisions\/30930"}],"wp:featuredmedia":[{"embeddable":true,"href":"https:\/\/prizrenpost.com\/ba\/wp-json\/wp\/v2\/media\/30929"}],"wp:attachment":[{"href":"https:\/\/prizrenpost.com\/ba\/wp-json\/wp\/v2\/media?parent=30928"}],"wp:term":[{"taxonomy":"category","embeddable":true,"href":"https:\/\/prizrenpost.com\/ba\/wp-json\/wp\/v2\/categories?post=30928"},{"taxonomy":"post_tag","embeddable":true,"href":"https:\/\/prizrenpost.com\/ba\/wp-json\/wp\/v2\/tags?post=30928"}],"curies":[{"name":"wp","href":"https:\/\/api.w.org\/{rel}","templated":true}]}}