{"id":30940,"date":"2026-04-26T13:20:32","date_gmt":"2026-04-26T11:20:32","guid":{"rendered":"https:\/\/prizrenpost.com\/ba\/na-podu-na-podu-kako-se-gala-vecera-u-bijeloj-kuci-pretvorila-u-haos\/"},"modified":"2026-04-26T13:20:32","modified_gmt":"2026-04-26T11:20:32","slug":"na-podu-na-podu-kako-se-gala-vecera-u-bijeloj-kuci-pretvorila-u-haos","status":"publish","type":"post","link":"https:\/\/prizrenpost.com\/ba\/na-podu-na-podu-kako-se-gala-vecera-u-bijeloj-kuci-pretvorila-u-haos\/","title":{"rendered":"&#8220;Na podu, na podu&#8221;: kako se gala ve\u010dera u Bijeloj ku\u0107i pretvorila u haos"},"content":{"rendered":"<p>Incidenti u kojima je bio prisutan i predsjednik Trump<\/p>\n<p>U subotu, 25. aprila, tradicionalna godi\u0161nja gala ve\u010der s novinarima, koja se odr\u017eava u Washingtonu, a kojoj su prisustvovali Donald Trump i njegova supruga, pretvorili su se u haos kada je naoru\u017eani mu\u0161karac poku\u0161ao nasilno da u\u0111e.<\/p>\n<p>Stotine novinara, \u010dlanova vlade, diplomata koji su prije bili samo vode\u0107i ljudi iz Washingtona razgovarali su samo o tome. uz hranu i pi\u0107e, odjednom su sjeli na pod ili legli. Ispred velike sale hotela Washington Hilton za\u010dula se glasna buka.<\/p>\n<p>Predsjednik Sjedinjenih Ameri\u010dkih Dr\u017eava, koji je u tom trenutku sjedio za glavnim stolom na uzdignutoj platformi na novinarskoj ve\u010deri Bijele ku\u0107e, u po\u010detku nije reagirao, ostao je ravnodu\u0161an, prenosi AFP.<\/p>\n<p>\u010clanovi Tajne slu\u017ebe sa osnovnim \u010dinom odgovorne za za\u0161titu visokog slu\u017ebenika slu\u017ebenika c. u ruci ispod transparenta na kojem je pisalo &#8220;Udru\u017eenje dopisnika Bijele ku\u0107e&#8221; nakon pucnjave kako bi se visoki zvani\u010dnici odveli na sigurno.<\/p>\n<p>\u010clanovi tjelohranitelja 79-godi\u0161njeg milijardera i te\u0161ko naoru\u017eano obezbje\u0111enje pojurili su na binu gdje je bio glavni sto, okru\u017eili i izveli predsjednika iz sobe, zajedno sa njegovom suprugom, vi\u0161im zvani\u010dnikom Bijele ku\u0107e, J. D. V. pressom. Caroline Leavitt i nekoliko \u010dlanova kabineta.<\/p>\n<p>Samo dvoje ljudi ostalo je za glavnim stolom na bini.<\/p>\n<p>Pozadinska muzika u dvorani, ispunjena blijedoplavom svjetlo\u0161\u0107u koja je dodala nadrealni ambijent trenutka, iznenada je umrla.<\/p>\n<p>Vijest se vrlo brzo pro\u0161irila da je pucano, \u0161to je izvijestio \u0161ef grupe za osiguranje, Mehmet Oz za javno osiguranje, koji je izvijestio Mehmet Oz za javno zdravlje. njega samog iz sobe su izveli policajci.<\/p>\n<p>Nekoliko dugih minuta gosti, koje su pripadnici reda &#8220;potjerali&#8221; u prizemlje hotela, ostali su uznemireni, dr\u017ee\u0107i mobitele \u010dekaju\u0107i vijesti od predsjednika, sve dok na svojoj dru\u0161tvenoj mre\u017ei Istina nije objavio da je zdrav i dobro. bezbedno.<\/p>\n<p>Tramp je prvobitno predlo\u017eio da se odr\u017ei doga\u0111aj, kojem je prisustvovao prvi put kao predsednik. Ali tada je najavio da je doga\u0111aj na kraju otkazan, ali da \u0107e odr\u017eati konferenciju za novinare u Bijeloj ku\u0107i.<\/p>\n<p>Neki od novinara su izjurili iz hotela, istog onog u kojem je tada\u0161nji predsjednik Ronald Reagan pre\u017eivio poku\u0161aj atentata 1981. Dok je helikopter zujao iznad glave, novinari su se probijali s policijskim slu\u017ebenicima i automobilima koji su se probijali kroz gu\u017evu svjetla.<\/p>\n<p>Dva sata nakon incidenta, predsjednik Amerikanac, obu\u010den u sve\u010dani smoking, iza\u0161ao je pred okupljene novinare i goste. Govorio je o &#8220;potencijalnom ubici&#8221; koji je nameravao da &#8220;ubije&#8221; i izneo detalje &#8211; napada\u010d je poku\u0161ao da provali u bezbednosni deo na ulazu u hol u kojem se sve de\u0161avalo i uhap\u0161en je.<\/p>\n<p>Trump je rekao da je u tom procesu pucano na policajca.<\/p>\n<p>&#8220;Bilo je to malo druga\u010dije ve\u010de nego \u0161to smo o\u010dekivali, ali mi \u0107emo ponovo obe\u0107ati milijardu.<\/p>\n<p>&#8221; Tramp je, kao i pro\u0161le godine, izbjegao ovu gala ve\u010deru, zami\u0161ljenu kao proslavu slobode \u0161tampe, kojoj su prisustvovali svi njegovi prethodnici od 1920-ih. Otkako se vratio na vlast, Trump je nemilosrdno napadao medije.<\/p>\n<p>Ali u subotu uve\u010de, \u010dinilo se da je lider ameri\u010dkih republikanaca zazvao svojevrsno primirje sa novinarima i medijima.<\/p>\n<p>\u017delim da se zahvalim novinarima, medijima, bili ste veoma odgovorni u svom izvje\u0161tavanju, rekao je s govornice u sali za pres-konferenciju u Bijeloj ku\u0107i.\u00a0\/tesheshi<\/p>\n<p>Koristimo kola\u010di\u0107e za pobolj\u0161anje iskustva i za prikaz oglasa (Google AdSense).<br \/>\n          Klikom na &#8220;Prihvati&#8221;, pristajete na kori\u0161tenje kola\u010di\u0107a u skladu sa<br \/>\n          Politika privatnosti<br \/>\n          i<br \/>\n          Politika kola\u010di\u0107a.<br \/>\n          Nepotrebne kola\u010di\u0107e mo\u017eete odbiti klikom na &#8220;Odbij&#8221;.<\/p>\n<hr style=\"margin:30px 0\">\n<p style=\"font-size:13px;color:#666\">Izvor: <strong>prizrenpost<\/strong><\/p>\n","protected":false},"excerpt":{"rendered":"<p>Incidenti u kojima je bio prisutan i predsjednik Trump U subotu, 25. aprila, tradicionalna godi\u0161nja gala ve\u010der s novinarima, koja se odr\u017eava u Washingtonu, a kojoj su prisustvovali Donald Trump i njegova supruga, pretvorili su se u haos kada je naoru\u017eani mu\u0161karac poku\u0161ao nasilno da u\u0111e. Stotine novinara, \u010dlanova vlade, diplomata koji su prije bili [&hellip;]<\/p>\n","protected":false},"author":1,"featured_media":30941,"comment_status":"open","ping_status":"open","sticky":false,"template":"","format":"standard","meta":{"footnotes":""},"categories":[24],"tags":[],"class_list":["post-30940","post","type-post","status-publish","format-standard","has-post-thumbnail","hentry","category-svijet"],"views":5,"_links":{"self":[{"href":"https:\/\/prizrenpost.com\/ba\/wp-json\/wp\/v2\/posts\/30940","targetHints":{"allow":["GET"]}}],"collection":[{"href":"https:\/\/prizrenpost.com\/ba\/wp-json\/wp\/v2\/posts"}],"about":[{"href":"https:\/\/prizrenpost.com\/ba\/wp-json\/wp\/v2\/types\/post"}],"author":[{"embeddable":true,"href":"https:\/\/prizrenpost.com\/ba\/wp-json\/wp\/v2\/users\/1"}],"replies":[{"embeddable":true,"href":"https:\/\/prizrenpost.com\/ba\/wp-json\/wp\/v2\/comments?post=30940"}],"version-history":[{"count":0,"href":"https:\/\/prizrenpost.com\/ba\/wp-json\/wp\/v2\/posts\/30940\/revisions"}],"wp:featuredmedia":[{"embeddable":true,"href":"https:\/\/prizrenpost.com\/ba\/wp-json\/wp\/v2\/media\/30941"}],"wp:attachment":[{"href":"https:\/\/prizrenpost.com\/ba\/wp-json\/wp\/v2\/media?parent=30940"}],"wp:term":[{"taxonomy":"category","embeddable":true,"href":"https:\/\/prizrenpost.com\/ba\/wp-json\/wp\/v2\/categories?post=30940"},{"taxonomy":"post_tag","embeddable":true,"href":"https:\/\/prizrenpost.com\/ba\/wp-json\/wp\/v2\/tags?post=30940"}],"curies":[{"name":"wp","href":"https:\/\/api.w.org\/{rel}","templated":true}]}}