{"id":30945,"date":"2026-04-26T13:50:36","date_gmt":"2026-04-26T11:50:36","guid":{"rendered":"https:\/\/prizrenpost.com\/ba\/glavni-turski-diplomata-vodi-telefonski-razgovor-sa-americkim-pregovaracima-o-iranu\/"},"modified":"2026-04-26T13:50:38","modified_gmt":"2026-04-26T11:50:38","slug":"glavni-turski-diplomata-vodi-telefonski-razgovor-sa-americkim-pregovaracima-o-iranu","status":"publish","type":"post","link":"https:\/\/prizrenpost.com\/ba\/glavni-turski-diplomata-vodi-telefonski-razgovor-sa-americkim-pregovaracima-o-iranu\/","title":{"rendered":"Glavni turski diplomata vodi telefonski razgovor sa ameri\u010dkim pregovara\u010dima o Iranu"},"content":{"rendered":"<p><img decoding=\"async\" src=\"https:\/\/prizrenpost.com\/ba\/wp-content\/uploads\/thumbs_b_c_e0cd0f504d9c9f61af5dd47e54901cfd.jpg\" style=\"width:100%;height:auto;margin-bottom:20px\"><\/p>\n<p>Turski ministar vanjskih poslova Hakan Fidan obavio je telefonski razgovor s ameri\u010dkim pregovara\u010dima uklju\u010denim u napore da se okon\u010da rat u Iranu, javlja Anadolu.<\/p>\n<p>Izvori iz Ministarstva vanjskih poslova kazali su da je Fidan razmijenio mi\u0161ljenja sa ameri\u010dkom stranom o najnovijim de\u0161avanjima u pregovorima izme\u0111u SAD-a i Irana.<\/p>\n<p>Papiri su prvi krugovi pregovora izme\u0111u SAD-a i Irana.<\/p>\n<p> mirovnih pregovora. Ameri\u010dko-iranski pregovori odr\u017eani su tri dana kasnije u Islamabadu, ali dogovor nije postignut. Napori za o\u017eivljavanje zaustavljenih pregovora su u toku.<\/p>\n<p>Iranski ministar vanjskih poslova Abbas Araghchi ju\u010der se u Islamabadu susreo s pakistanskim premijerom Shehbazom Sharifom i na\u010delnikom vojske Asimom Munirom, dok je posjeta ameri\u010dkih izaslanika Stevea Witkoffa i Jareda Kushnera glavnom gradu Pakistana. Otkazana je posjeta glavnog grada Pakistana.<\/p>\n<p> biti otvaranje Hormu\u0161kog tjesnaca, \u010dvori\u0161ta globalnog brodskog prolaza koji je Iran efektivno zatvorio od ameri\u010dko-izraelskog napada 28. februara, ameri\u010dke blokade iranskih luka i sudbine oboga\u0107enog uranijuma u Teheranu.<\/p>\n<p>Koristimo kola\u010di\u0107e za pobolj\u0161anje iskustva i prikazivanje oglasa (Google AdSense).<br \/>\n          Klikom na &#8220;Prihvati&#8221;, pristajete na kori\u0161tenje kola\u010di\u0107a u skladu sa<br \/>\n          Politika privatnosti<br \/>\n          i<br \/>\n          Politika kola\u010di\u0107a.<br \/>\n          Nepotrebne kola\u010di\u0107e mo\u017eete odbiti klikom na &#8220;Odbij&#8221;.<\/p>\n<hr style=\"margin:30px 0\">\n<p style=\"font-size:13px;color:#666\">Izvor: <strong>prizrenpost<\/strong><\/p>\n","protected":false},"excerpt":{"rendered":"<p>Turski ministar vanjskih poslova Hakan Fidan obavio je telefonski razgovor s ameri\u010dkim pregovara\u010dima uklju\u010denim u napore da se okon\u010da rat u Iranu, javlja Anadolu. Izvori iz Ministarstva vanjskih poslova kazali su da je Fidan razmijenio mi\u0161ljenja sa ameri\u010dkom stranom o najnovijim de\u0161avanjima u pregovorima izme\u0111u SAD-a i Irana. Papiri su prvi krugovi pregovora izme\u0111u SAD-a [&hellip;]<\/p>\n","protected":false},"author":1,"featured_media":30946,"comment_status":"open","ping_status":"open","sticky":false,"template":"","format":"standard","meta":{"footnotes":""},"categories":[24],"tags":[456],"class_list":["post-30945","post","type-post","status-publish","format-standard","has-post-thumbnail","hentry","category-svijet","tag-aktualnost"],"views":3,"_links":{"self":[{"href":"https:\/\/prizrenpost.com\/ba\/wp-json\/wp\/v2\/posts\/30945","targetHints":{"allow":["GET"]}}],"collection":[{"href":"https:\/\/prizrenpost.com\/ba\/wp-json\/wp\/v2\/posts"}],"about":[{"href":"https:\/\/prizrenpost.com\/ba\/wp-json\/wp\/v2\/types\/post"}],"author":[{"embeddable":true,"href":"https:\/\/prizrenpost.com\/ba\/wp-json\/wp\/v2\/users\/1"}],"replies":[{"embeddable":true,"href":"https:\/\/prizrenpost.com\/ba\/wp-json\/wp\/v2\/comments?post=30945"}],"version-history":[{"count":1,"href":"https:\/\/prizrenpost.com\/ba\/wp-json\/wp\/v2\/posts\/30945\/revisions"}],"predecessor-version":[{"id":30947,"href":"https:\/\/prizrenpost.com\/ba\/wp-json\/wp\/v2\/posts\/30945\/revisions\/30947"}],"wp:featuredmedia":[{"embeddable":true,"href":"https:\/\/prizrenpost.com\/ba\/wp-json\/wp\/v2\/media\/30946"}],"wp:attachment":[{"href":"https:\/\/prizrenpost.com\/ba\/wp-json\/wp\/v2\/media?parent=30945"}],"wp:term":[{"taxonomy":"category","embeddable":true,"href":"https:\/\/prizrenpost.com\/ba\/wp-json\/wp\/v2\/categories?post=30945"},{"taxonomy":"post_tag","embeddable":true,"href":"https:\/\/prizrenpost.com\/ba\/wp-json\/wp\/v2\/tags?post=30945"}],"curies":[{"name":"wp","href":"https:\/\/api.w.org\/{rel}","templated":true}]}}