{"id":30948,"date":"2026-04-26T14:30:47","date_gmt":"2026-04-26T12:30:47","guid":{"rendered":"https:\/\/prizrenpost.com\/ba\/turski-predsjednik-osudjuje-pucnjavu-na-veceri-dopisnika-bijele-kuce\/"},"modified":"2026-04-26T14:30:48","modified_gmt":"2026-04-26T12:30:48","slug":"turski-predsjednik-osudjuje-pucnjavu-na-veceri-dopisnika-bijele-kuce","status":"publish","type":"post","link":"https:\/\/prizrenpost.com\/ba\/turski-predsjednik-osudjuje-pucnjavu-na-veceri-dopisnika-bijele-kuce\/","title":{"rendered":"Turski predsjednik osu\u0111uje pucnjavu na ve\u010deri dopisnika Bijele ku\u0107e"},"content":{"rendered":"<p><img decoding=\"async\" src=\"https:\/\/prizrenpost.com\/ba\/wp-content\/uploads\/thumbs_b_c_726254cdf29952b21c57cf994ff5731a.jpg\" style=\"width:100%;height:auto;margin-bottom:20px\"><\/p>\n<p>Predsjednik Turske Recep Tayyip Erdogan osudio je incident s pucnjavom na dopisni\u010dkoj ve\u010deri Bijele ku\u0107e u Washingtonu, prenosi Anadolu.<\/p>\n<p>&#8220;Za nas je uvjerljivo da niko nije povrije\u0111en, a posebno ameri\u010dki predsjednik Donald Trump i njegova \u010dasna supruga Melania Trump&#8221;, rekao je Erdogan u postu na platformi za turske dru\u0161tvene mre\u017ee &lt;\/rdNSophaE. da se u demokratiji konfrontacije odvijaju kroz ideje i da &quot;nema mesta za bilo kakvu formu&quot;. nasilje&quot;.<\/p>\n<p>Napad se dogodio u subotu uve\u010de u hotelu Washington Hilton, gdje se odr\u017eavala godi\u0161nja ve\u010dera. Osumnji\u010deni, kojeg su ameri\u010dki mediji identificirali kao 31-godi\u0161nji mu\u0161karac, je uhap\u0161en, dok vlasti istra\u017euju njegove motive. Prema rije\u010dima zvani\u010dnika, slu\u017ebenik Tajne slu\u017ebe je upucan, ali je za\u0161ti\u0107en pancirkom i koristimo kola\u010di\u0107e od Google-a &gt;&lt;p oporavljamo iskustvo. AdSense).<br \/>\n          Klikom na &quot;Prihvati&quot;, pristajete na kori\u0161tenje kola\u010di\u0107a u skladu sa<br \/>\n          Politika privatnosti<br \/>\n          i<br \/>\n          Politika kola\u010di\u0107a.<br \/>\n          Nepotrebne kola\u010di\u0107e mo\u017eete odbiti klikom na &quot;Odbij&quot;.<\/p>\n<hr style=\"margin:30px 0\">\n<p style=\"font-size:13px;color:#666\">Izvor: <strong>prizrenpost<\/strong><\/p>\n","protected":false},"excerpt":{"rendered":"<p>Predsjednik Turske Recep Tayyip Erdogan osudio je incident s pucnjavom na dopisni\u010dkoj ve\u010deri Bijele ku\u0107e u Washingtonu, prenosi Anadolu. &#8220;Za nas je uvjerljivo da niko nije povrije\u0111en, a posebno ameri\u010dki predsjednik Donald Trump i njegova \u010dasna supruga Melania Trump&#8221;, rekao je Erdogan u postu na platformi za turske dru\u0161tvene mre\u017ee &lt;\/rdNSophaE. da se u demokratiji [&hellip;]<\/p>\n","protected":false},"author":1,"featured_media":30949,"comment_status":"open","ping_status":"open","sticky":false,"template":"","format":"standard","meta":{"footnotes":""},"categories":[24],"tags":[456],"class_list":["post-30948","post","type-post","status-publish","format-standard","has-post-thumbnail","hentry","category-svijet","tag-aktualnost"],"views":2,"_links":{"self":[{"href":"https:\/\/prizrenpost.com\/ba\/wp-json\/wp\/v2\/posts\/30948","targetHints":{"allow":["GET"]}}],"collection":[{"href":"https:\/\/prizrenpost.com\/ba\/wp-json\/wp\/v2\/posts"}],"about":[{"href":"https:\/\/prizrenpost.com\/ba\/wp-json\/wp\/v2\/types\/post"}],"author":[{"embeddable":true,"href":"https:\/\/prizrenpost.com\/ba\/wp-json\/wp\/v2\/users\/1"}],"replies":[{"embeddable":true,"href":"https:\/\/prizrenpost.com\/ba\/wp-json\/wp\/v2\/comments?post=30948"}],"version-history":[{"count":1,"href":"https:\/\/prizrenpost.com\/ba\/wp-json\/wp\/v2\/posts\/30948\/revisions"}],"predecessor-version":[{"id":30950,"href":"https:\/\/prizrenpost.com\/ba\/wp-json\/wp\/v2\/posts\/30948\/revisions\/30950"}],"wp:featuredmedia":[{"embeddable":true,"href":"https:\/\/prizrenpost.com\/ba\/wp-json\/wp\/v2\/media\/30949"}],"wp:attachment":[{"href":"https:\/\/prizrenpost.com\/ba\/wp-json\/wp\/v2\/media?parent=30948"}],"wp:term":[{"taxonomy":"category","embeddable":true,"href":"https:\/\/prizrenpost.com\/ba\/wp-json\/wp\/v2\/categories?post=30948"},{"taxonomy":"post_tag","embeddable":true,"href":"https:\/\/prizrenpost.com\/ba\/wp-json\/wp\/v2\/tags?post=30948"}],"curies":[{"name":"wp","href":"https:\/\/api.w.org\/{rel}","templated":true}]}}