{"id":30951,"date":"2026-04-26T14:30:53","date_gmt":"2026-04-26T12:30:53","guid":{"rendered":"https:\/\/prizrenpost.com\/ba\/iranski-predsjednik-teheran-se-nece-upustati-u-pregovore-pod-pritiskom-ili-blokadom\/"},"modified":"2026-04-26T14:30:55","modified_gmt":"2026-04-26T12:30:55","slug":"iranski-predsjednik-teheran-se-nece-upustati-u-pregovore-pod-pritiskom-ili-blokadom","status":"publish","type":"post","link":"https:\/\/prizrenpost.com\/ba\/iranski-predsjednik-teheran-se-nece-upustati-u-pregovore-pod-pritiskom-ili-blokadom\/","title":{"rendered":"Iranski predsjednik: Teheran se ne\u0107e upu\u0161tati u pregovore pod pritiskom ili blokadom"},"content":{"rendered":"<p><img decoding=\"async\" src=\"https:\/\/prizrenpost.com\/ba\/wp-content\/uploads\/Masoud-Pezeshkian.jpg\" style=\"width:100%;height:auto;margin-bottom:20px\"><\/p>\n<p>Predsjednik Irana Masoud Pezeshkian izjavio je da Teheran ne\u0107e ulaziti u pregovore pod pritiskom, prijetnjama ili blokadama, isti\u010du\u0107i da obnova povjerenja zahtijeva prekid neprijateljskih mjera i garancije da se one ne\u0107e ponoviti, prenosi Anadolu.<\/p>\n<p>Prema rije\u010dima iranskog predsjedni\u0161tva, predsjednikom Iranskog predsjedni\u0161tva, predsjednikom iranskog predsjedni\u0161tva, premijerom Pakistana Pezeom \u0160erifom \u0160erifom, u telefonskom razgovoru u telefonskom razgovoru sa premijerom Pakistana Pezeom Pezeom \u0160erifom. rekao je da su postizanje zajedni\u010dke baze i stvaranje okru\u017eenja pogodnog za efikasan dijalog od su\u0161tinskog zna\u010daja za svaki napredak.<\/p>\n<p>On je rekao da su prethodni pregovori samo produbili nepovjerenje javnosti u Iran i da razgovori o dijalogu uporedo sa sankcijama, pritiscima i blokadom potkopavaju povjerenje izme\u0111u strana.<\/p>\n<p>Pezeshkian je naglasio da su zaustavljanje neprijateljske politike neophodni uvjeti i da se ne osigurava ponovno rje\u0161avanje uslova za ponovno rje\u0161avanje. sporova.<\/p>\n<p>Tako\u0111er je rekao da poja\u010dano vojno prisustvo dodatno komplikuje situaciju i podriva neophodnu klimu za dijalog.<\/p>\n<p>Izjave dolaze dok Pakistan nastavlja napore da o\u017eivi zaustavljene razgovore izme\u0111u Irana i SAD nakon vi\u0161enedeljne eskalacije u regionu.<\/p>\n<p>Prva runda pregovora odr\u017eana je u regionu, ali nije uspela da okon\u010da sporazum o Islamabadu od po\u010detka februarskog rata koji je doveo do zaklju\u010denja rata2 u februaru pre dve nedelje. pro\u0161irili po Bliskom istoku.<\/p>\n<p>Pregovori su uslijedili nakon dvonedjeljnog prekida vatre uz posredovanje Pakistana 8. aprila, a koji je kasnije produ\u017eio ameri\u010dki predsjednik Donald Trump.<\/p>\n<p>Koristimo kola\u010di\u0107e za pobolj\u0161anje iskustva i prikazivanje oglasa (Google AdSense).<br \/>\n          Klikom na &#8220;Prihvati&#8221;, pristajete na kori\u0161tenje kola\u010di\u0107a u skladu sa<br \/>\n          Politika privatnosti<br \/>\n          i<br \/>\n          Politika kola\u010di\u0107a.<br \/>\n          Nepotrebne kola\u010di\u0107e mo\u017eete odbiti klikom na &#8220;Odbij&#8221;.<\/p>\n<hr style=\"margin:30px 0\">\n<p style=\"font-size:13px;color:#666\">Izvor: <strong>prizrenpost<\/strong><\/p>\n","protected":false},"excerpt":{"rendered":"<p>Predsjednik Irana Masoud Pezeshkian izjavio je da Teheran ne\u0107e ulaziti u pregovore pod pritiskom, prijetnjama ili blokadama, isti\u010du\u0107i da obnova povjerenja zahtijeva prekid neprijateljskih mjera i garancije da se one ne\u0107e ponoviti, prenosi Anadolu. Prema rije\u010dima iranskog predsjedni\u0161tva, predsjednikom Iranskog predsjedni\u0161tva, predsjednikom iranskog predsjedni\u0161tva, premijerom Pakistana Pezeom \u0160erifom \u0160erifom, u telefonskom razgovoru u telefonskom razgovoru [&hellip;]<\/p>\n","protected":false},"author":1,"featured_media":30952,"comment_status":"open","ping_status":"open","sticky":false,"template":"","format":"standard","meta":{"footnotes":""},"categories":[24],"tags":[456],"class_list":["post-30951","post","type-post","status-publish","format-standard","has-post-thumbnail","hentry","category-svijet","tag-aktualnost"],"views":7,"_links":{"self":[{"href":"https:\/\/prizrenpost.com\/ba\/wp-json\/wp\/v2\/posts\/30951","targetHints":{"allow":["GET"]}}],"collection":[{"href":"https:\/\/prizrenpost.com\/ba\/wp-json\/wp\/v2\/posts"}],"about":[{"href":"https:\/\/prizrenpost.com\/ba\/wp-json\/wp\/v2\/types\/post"}],"author":[{"embeddable":true,"href":"https:\/\/prizrenpost.com\/ba\/wp-json\/wp\/v2\/users\/1"}],"replies":[{"embeddable":true,"href":"https:\/\/prizrenpost.com\/ba\/wp-json\/wp\/v2\/comments?post=30951"}],"version-history":[{"count":1,"href":"https:\/\/prizrenpost.com\/ba\/wp-json\/wp\/v2\/posts\/30951\/revisions"}],"predecessor-version":[{"id":30953,"href":"https:\/\/prizrenpost.com\/ba\/wp-json\/wp\/v2\/posts\/30951\/revisions\/30953"}],"wp:featuredmedia":[{"embeddable":true,"href":"https:\/\/prizrenpost.com\/ba\/wp-json\/wp\/v2\/media\/30952"}],"wp:attachment":[{"href":"https:\/\/prizrenpost.com\/ba\/wp-json\/wp\/v2\/media?parent=30951"}],"wp:term":[{"taxonomy":"category","embeddable":true,"href":"https:\/\/prizrenpost.com\/ba\/wp-json\/wp\/v2\/categories?post=30951"},{"taxonomy":"post_tag","embeddable":true,"href":"https:\/\/prizrenpost.com\/ba\/wp-json\/wp\/v2\/tags?post=30951"}],"curies":[{"name":"wp","href":"https:\/\/api.w.org\/{rel}","templated":true}]}}