{"id":30954,"date":"2026-04-26T14:45:27","date_gmt":"2026-04-26T12:45:27","guid":{"rendered":"https:\/\/prizrenpost.com\/ba\/u-siriji-se-javno-sudi-assadovom-rodjaku-za-zlocine-nad-civilima\/"},"modified":"2026-04-26T14:45:28","modified_gmt":"2026-04-26T12:45:28","slug":"u-siriji-se-javno-sudi-assadovom-rodjaku-za-zlocine-nad-civilima","status":"publish","type":"post","link":"https:\/\/prizrenpost.com\/ba\/u-siriji-se-javno-sudi-assadovom-rodjaku-za-zlocine-nad-civilima\/","title":{"rendered":"U Siriji se javno sudi Assadovom ro\u0111aku za zlo\u010dine nad civilima"},"content":{"rendered":"<p><img decoding=\"async\" src=\"https:\/\/prizrenpost.com\/ba\/wp-content\/uploads\/Atef-Najib.jpg\" style=\"width:100%;height:auto;margin-bottom:20px\"><\/p>\n<p>Atef Najib, ro\u0111ak svrgnutog biv\u0161eg predsjednika Bashara al-Assada i biv\u0161i \u0161ef politi\u010dke sigurnosti u sirijskom gradu Daraa, pojavio se pred \u010cetvrtim krivi\u010dnim sudom u Damasku, prenosi Anadolu.<\/p>\n<p>Tv Al-Ikhbariya je emitovala video-snimku Nad\u017eiba kako se vidi kako se optu\u017eeni nalazi u sudu na sudu u sudnici. prestonice.<\/p>\n<p>\u201ePrva su\u0111enja za tranzicijsku pravdu u Siriji uklju\u010duju pritvorenika (Atefa Najiba) i optu\u017eene koji su u bijegu,&#8221; citira kanal rije\u010di neidentifikovanog sudije.<\/p>\n<p>Me\u0111u bjeguncima su Bashar al-Assad i njegov brat Maher Assad, komandant \u010cetvrte divizije, kao i biv\u0161i ministar \u010cetvrte divizije De Fase Jafen. al-Freij, biv\u0161i \u0161ef vojne obavje\u0161tajne slu\u017ebe u Daraa, Laith al-Ali, i biv\u0161i \u0161ef vojne obavje\u0161tajne slu\u017ebe u provinciji Suwayda, Wafiq Nasser.<\/p>\n<p>Sudija je odgodio ro\u010di\u0161te do 10. maja.<\/p>\n<p>Najib, koji je uhap\u0161en u januaru pro\u0161le godine, diplomirao je prije nego \u0161to se pridru\u017eio vojnoj slu\u017ebi na kojoj je diplomirao prije nego \u0161to se pridru\u017eio vojnoj slu\u017ebi. uklju\u010duju\u0107i Ogranak politi\u010dke sigurnosti u Darai.<\/p>\n<p>Optu\u017een je da je jedan od prvih koji je po\u010dinio prekr\u0161aje nad civilima u Darai, gradu u kojem je po\u010dela ovogodi\u0161nja pobuna. 2011.<\/p>\n<p>Tako\u0111er je okrivljen za hap\u0161enje i mu\u010denje djece u Darai koja su ispisivala antire\u017eimske slogane na zidovima, \u0161to je incident koji je izazvao prve proteste u Siriji.<\/p>\n<p>U decembru 2024., al-Assad, koji je vladao Sirijom skoro 25 godina, pobjegao je decenijama vladavine koja je po\u010dela u Rusiji, okon\u010dav\u0161i tranziciju stranke A319. godine na \u010delu s predsjednikom Ahmadom al-Sharaaom formiran je u januaru 2025.<\/p>\n<p>Koristimo kola\u010di\u0107e za pobolj\u0161anje iskustva i prikaz oglasa (Google AdSense).<br \/>\n          Klikom na &#8220;Prihvati&#8221;, pristajete na kori\u0161tenje kola\u010di\u0107a u skladu sa<br \/>\n          Politika privatnosti<br \/>\n          i<br \/>\n          Politika kola\u010di\u0107a.<br \/>\n          Nepotrebne kola\u010di\u0107e mo\u017eete odbiti klikom na &#8220;Odbij&#8221;.<\/p>\n<hr style=\"margin:30px 0\">\n<p style=\"font-size:13px;color:#666\">Izvor: <strong>prizrenpost<\/strong><\/p>\n","protected":false},"excerpt":{"rendered":"<p>Atef Najib, ro\u0111ak svrgnutog biv\u0161eg predsjednika Bashara al-Assada i biv\u0161i \u0161ef politi\u010dke sigurnosti u sirijskom gradu Daraa, pojavio se pred \u010cetvrtim krivi\u010dnim sudom u Damasku, prenosi Anadolu. Tv Al-Ikhbariya je emitovala video-snimku Nad\u017eiba kako se vidi kako se optu\u017eeni nalazi u sudu na sudu u sudnici. prestonice. \u201ePrva su\u0111enja za tranzicijsku pravdu u Siriji uklju\u010duju [&hellip;]<\/p>\n","protected":false},"author":1,"featured_media":30955,"comment_status":"open","ping_status":"open","sticky":false,"template":"","format":"standard","meta":{"footnotes":""},"categories":[24],"tags":[456],"class_list":["post-30954","post","type-post","status-publish","format-standard","has-post-thumbnail","hentry","category-svijet","tag-aktualnost"],"views":6,"_links":{"self":[{"href":"https:\/\/prizrenpost.com\/ba\/wp-json\/wp\/v2\/posts\/30954","targetHints":{"allow":["GET"]}}],"collection":[{"href":"https:\/\/prizrenpost.com\/ba\/wp-json\/wp\/v2\/posts"}],"about":[{"href":"https:\/\/prizrenpost.com\/ba\/wp-json\/wp\/v2\/types\/post"}],"author":[{"embeddable":true,"href":"https:\/\/prizrenpost.com\/ba\/wp-json\/wp\/v2\/users\/1"}],"replies":[{"embeddable":true,"href":"https:\/\/prizrenpost.com\/ba\/wp-json\/wp\/v2\/comments?post=30954"}],"version-history":[{"count":1,"href":"https:\/\/prizrenpost.com\/ba\/wp-json\/wp\/v2\/posts\/30954\/revisions"}],"predecessor-version":[{"id":30956,"href":"https:\/\/prizrenpost.com\/ba\/wp-json\/wp\/v2\/posts\/30954\/revisions\/30956"}],"wp:featuredmedia":[{"embeddable":true,"href":"https:\/\/prizrenpost.com\/ba\/wp-json\/wp\/v2\/media\/30955"}],"wp:attachment":[{"href":"https:\/\/prizrenpost.com\/ba\/wp-json\/wp\/v2\/media?parent=30954"}],"wp:term":[{"taxonomy":"category","embeddable":true,"href":"https:\/\/prizrenpost.com\/ba\/wp-json\/wp\/v2\/categories?post=30954"},{"taxonomy":"post_tag","embeddable":true,"href":"https:\/\/prizrenpost.com\/ba\/wp-json\/wp\/v2\/tags?post=30954"}],"curies":[{"name":"wp","href":"https:\/\/api.w.org\/{rel}","templated":true}]}}