{"id":30990,"date":"2026-04-26T18:55:48","date_gmt":"2026-04-26T16:55:48","guid":{"rendered":"https:\/\/prizrenpost.com\/ba\/sef-iranske-diplomatije-vraca-se-u-islamabad-nakon-posjete-omanu\/"},"modified":"2026-04-26T18:55:49","modified_gmt":"2026-04-26T16:55:49","slug":"sef-iranske-diplomatije-vraca-se-u-islamabad-nakon-posjete-omanu","status":"publish","type":"post","link":"https:\/\/prizrenpost.com\/ba\/sef-iranske-diplomatije-vraca-se-u-islamabad-nakon-posjete-omanu\/","title":{"rendered":"\u0160ef iranske diplomatije vra\u0107a se u Islamabad nakon posjete Omanu"},"content":{"rendered":"<p><img decoding=\"async\" src=\"https:\/\/prizrenpost.com\/ba\/wp-content\/uploads\/Ministri-iranian-i-Puneve-te-Jashtem-Abbas-Araghchi.jpg\" style=\"width:100%;height:auto;margin-bottom:20px\"><\/p>\n<p>Iranski ministar vanjskih poslova Abbas Araghchi vratio se u Islamabad nakon kratke posjete Omanu u sklopu napora za o\u017eivljavanje pregovora izme\u0111u SAD-a i Irana.<\/p>\n<p>Prema izvorima pakistanske vlade koji su razgovarali s Anadoluom, Araghchi, za kojeg se o\u010dekuje da \u0107e razgovarati sa rukovodstvom Dar pakistana, uklju\u010duju\u0107i i njegov kolega, o\u010dekuje se da putuje i Rusija u Rusiju, I. Islamabad.<\/p>\n<p>Ovo je posjeta. drugi iranski ministar u Islamabadu za manje od 48 sati. On je ju\u010der posjetio pakistansku prijestolnicu i sastao se s premijerom Shehbazom Sharifom i na\u010delnikom vojske Asimom Munirom kako bi razgovarali o na\u010dinima za o\u017eivljavanje razgovora visokog profila.<\/p>\n<p>Prva runda pregovora izme\u0111u Washingtona i Teherana odr\u017eana je u Islamabadu prije dvije sedmice, ali nije postignut sporazum o okon\u010danju rata.<\/p>\n<p>Pregovori o Pakistanu uslijedili su u aprilu. 8, koju je kasnije pro\u0161irio ameri\u010dki predsjednik Donald Trump.<\/p>\n<p>Koristimo kola\u010di\u0107e za pobolj\u0161anje iskustva i za prikazivanje oglasa (Google AdSense).<br \/>\n          Klikom na &#8220;Prihvati&#8221;, pristajete na kori\u0161tenje kola\u010di\u0107a u skladu sa<br \/>\n          Politika privatnosti<br \/>\n          i<br \/>\n          Politika kola\u010di\u0107a.<br \/>\n          Nepotrebne kola\u010di\u0107e mo\u017eete odbiti klikom na &#8220;Odbij&#8221;.<\/p>\n<hr style=\"margin:30px 0\">\n<p style=\"font-size:13px;color:#666\">Izvor: <strong>prizrenpost<\/strong><\/p>\n","protected":false},"excerpt":{"rendered":"<p>Iranski ministar vanjskih poslova Abbas Araghchi vratio se u Islamabad nakon kratke posjete Omanu u sklopu napora za o\u017eivljavanje pregovora izme\u0111u SAD-a i Irana. Prema izvorima pakistanske vlade koji su razgovarali s Anadoluom, Araghchi, za kojeg se o\u010dekuje da \u0107e razgovarati sa rukovodstvom Dar pakistana, uklju\u010duju\u0107i i njegov kolega, o\u010dekuje se da putuje i Rusija [&hellip;]<\/p>\n","protected":false},"author":1,"featured_media":30991,"comment_status":"open","ping_status":"open","sticky":false,"template":"","format":"standard","meta":{"footnotes":""},"categories":[24],"tags":[456],"class_list":["post-30990","post","type-post","status-publish","format-standard","has-post-thumbnail","hentry","category-svijet","tag-aktualnost"],"views":5,"_links":{"self":[{"href":"https:\/\/prizrenpost.com\/ba\/wp-json\/wp\/v2\/posts\/30990","targetHints":{"allow":["GET"]}}],"collection":[{"href":"https:\/\/prizrenpost.com\/ba\/wp-json\/wp\/v2\/posts"}],"about":[{"href":"https:\/\/prizrenpost.com\/ba\/wp-json\/wp\/v2\/types\/post"}],"author":[{"embeddable":true,"href":"https:\/\/prizrenpost.com\/ba\/wp-json\/wp\/v2\/users\/1"}],"replies":[{"embeddable":true,"href":"https:\/\/prizrenpost.com\/ba\/wp-json\/wp\/v2\/comments?post=30990"}],"version-history":[{"count":1,"href":"https:\/\/prizrenpost.com\/ba\/wp-json\/wp\/v2\/posts\/30990\/revisions"}],"predecessor-version":[{"id":30992,"href":"https:\/\/prizrenpost.com\/ba\/wp-json\/wp\/v2\/posts\/30990\/revisions\/30992"}],"wp:featuredmedia":[{"embeddable":true,"href":"https:\/\/prizrenpost.com\/ba\/wp-json\/wp\/v2\/media\/30991"}],"wp:attachment":[{"href":"https:\/\/prizrenpost.com\/ba\/wp-json\/wp\/v2\/media?parent=30990"}],"wp:term":[{"taxonomy":"category","embeddable":true,"href":"https:\/\/prizrenpost.com\/ba\/wp-json\/wp\/v2\/categories?post=30990"},{"taxonomy":"post_tag","embeddable":true,"href":"https:\/\/prizrenpost.com\/ba\/wp-json\/wp\/v2\/tags?post=30990"}],"curies":[{"name":"wp","href":"https:\/\/api.w.org\/{rel}","templated":true}]}}