{"id":31014,"date":"2026-04-26T22:45:45","date_gmt":"2026-04-26T20:45:45","guid":{"rendered":"https:\/\/prizrenpost.com\/ba\/erdogan-telefonski-razgovor-s-trumpom-pucnjavu-na-veceri-u-bijeloj-kuci-naziva-cinom-mrznje\/"},"modified":"2026-04-26T22:45:47","modified_gmt":"2026-04-26T20:45:47","slug":"erdogan-telefonski-razgovor-s-trumpom-pucnjavu-na-veceri-u-bijeloj-kuci-naziva-cinom-mrznje","status":"publish","type":"post","link":"https:\/\/prizrenpost.com\/ba\/erdogan-telefonski-razgovor-s-trumpom-pucnjavu-na-veceri-u-bijeloj-kuci-naziva-cinom-mrznje\/","title":{"rendered":"Erdogan telefonski razgovor s Trumpom, pucnjavu na ve\u010deri u Bijeloj ku\u0107i naziva &#8220;\u010dinom mr\u017enje&#8221;"},"content":{"rendered":"<p><img decoding=\"async\" src=\"https:\/\/prizrenpost.com\/ba\/wp-content\/uploads\/thumbs_b_c_dab7e33c0729092453704c2456a5f7b7.jpg\" style=\"width:100%;height:auto;margin-bottom:20px\"><\/p>\n<p>Predsjednik Turske Recep Tayyip Erdogan telefonirao je s predsjednikom SAD Donaldom Trumpom, javlja Anadolu.<\/p>\n<p>Kako je Direkcija za komunikacije Turske objavila u objavi na ameri\u010dkoj dru\u0161tvenoj mre\u017ei X, Erdogan je tokom razgovora s Trumpom izrazio zabrinutost zbog incidenta s pucnjavom koji se dogodio na ve\u010deri dopisnika u Bijeloj ku\u0107i protiv turskog predsjednika<\/p>\n<\/p>\n<p> demokratiju i slobodu \u0161tampe&#8221;, te po\u017eelio brz oporavak slu\u017ebeniku sigurnosti koji je povrije\u0111en u incidentu.<\/p>\n<p>Koristimo kola\u010di\u0107e za pobolj\u0161anje iskustva i prikazivanje oglasa (Google AdSense).<br \/>\n          Klikom na &#8220;Prihvati&#8221;, pristajete na kori\u0161tenje kola\u010di\u0107a u skladu sa<br \/>\n          Politika privatnosti<br \/>\n          i<br \/>\n          Politika kola\u010di\u0107a.<br \/>\n          Nepotrebne kola\u010di\u0107e mo\u017eete odbiti klikom na &#8220;Odbij&#8221;.<\/p>\n<hr style=\"margin:30px 0\">\n<p style=\"font-size:13px;color:#666\">Izvor: <strong>prizrenpost<\/strong><\/p>\n","protected":false},"excerpt":{"rendered":"<p>Predsjednik Turske Recep Tayyip Erdogan telefonirao je s predsjednikom SAD Donaldom Trumpom, javlja Anadolu. Kako je Direkcija za komunikacije Turske objavila u objavi na ameri\u010dkoj dru\u0161tvenoj mre\u017ei X, Erdogan je tokom razgovora s Trumpom izrazio zabrinutost zbog incidenta s pucnjavom koji se dogodio na ve\u010deri dopisnika u Bijeloj ku\u0107i protiv turskog predsjednika demokratiju i slobodu [&hellip;]<\/p>\n","protected":false},"author":1,"featured_media":31015,"comment_status":"open","ping_status":"open","sticky":false,"template":"","format":"standard","meta":{"footnotes":""},"categories":[24],"tags":[456],"class_list":["post-31014","post","type-post","status-publish","format-standard","has-post-thumbnail","hentry","category-svijet","tag-aktualnost"],"views":5,"_links":{"self":[{"href":"https:\/\/prizrenpost.com\/ba\/wp-json\/wp\/v2\/posts\/31014","targetHints":{"allow":["GET"]}}],"collection":[{"href":"https:\/\/prizrenpost.com\/ba\/wp-json\/wp\/v2\/posts"}],"about":[{"href":"https:\/\/prizrenpost.com\/ba\/wp-json\/wp\/v2\/types\/post"}],"author":[{"embeddable":true,"href":"https:\/\/prizrenpost.com\/ba\/wp-json\/wp\/v2\/users\/1"}],"replies":[{"embeddable":true,"href":"https:\/\/prizrenpost.com\/ba\/wp-json\/wp\/v2\/comments?post=31014"}],"version-history":[{"count":1,"href":"https:\/\/prizrenpost.com\/ba\/wp-json\/wp\/v2\/posts\/31014\/revisions"}],"predecessor-version":[{"id":31016,"href":"https:\/\/prizrenpost.com\/ba\/wp-json\/wp\/v2\/posts\/31014\/revisions\/31016"}],"wp:featuredmedia":[{"embeddable":true,"href":"https:\/\/prizrenpost.com\/ba\/wp-json\/wp\/v2\/media\/31015"}],"wp:attachment":[{"href":"https:\/\/prizrenpost.com\/ba\/wp-json\/wp\/v2\/media?parent=31014"}],"wp:term":[{"taxonomy":"category","embeddable":true,"href":"https:\/\/prizrenpost.com\/ba\/wp-json\/wp\/v2\/categories?post=31014"},{"taxonomy":"post_tag","embeddable":true,"href":"https:\/\/prizrenpost.com\/ba\/wp-json\/wp\/v2\/tags?post=31014"}],"curies":[{"name":"wp","href":"https:\/\/api.w.org\/{rel}","templated":true}]}}