{"id":31017,"date":"2026-04-26T22:45:49","date_gmt":"2026-04-26T20:45:49","guid":{"rendered":"https:\/\/prizrenpost.com\/ba\/araghchi-u-rusiju-na-razgovore-o-americko-izraelskom-ratu\/"},"modified":"2026-04-26T22:45:50","modified_gmt":"2026-04-26T20:45:50","slug":"araghchi-u-rusiju-na-razgovore-o-americko-izraelskom-ratu","status":"publish","type":"post","link":"https:\/\/prizrenpost.com\/ba\/araghchi-u-rusiju-na-razgovore-o-americko-izraelskom-ratu\/","title":{"rendered":"Araghchi u Rusiju na razgovore o ameri\u010dko-izraelskom ratu"},"content":{"rendered":"<p><img decoding=\"async\" src=\"https:\/\/prizrenpost.com\/ba\/wp-content\/uploads\/aragh-1.jpg\" style=\"width:100%;height:auto;margin-bottom:20px\"><\/p>\n<p>Iransko ministarstvo vanjskih poslova potvrdilo je da je ministar vanjskih poslova Abbas Araghchi otputovao iz Pakistana u slu\u017ebenu posjetu Rusiji.<\/p>\n<p>Prema najavi, tokom ove posjete sastat \u0107e se sa visokim zvani\u010dnicima Ruske Federacije kako bi razgovarali o bilateralnim odnosima Irana i Rusije, kao io regionalnim i me\u0111unarodnim de\u0161avanjima, uklju\u010duju\u0107i rat izme\u0111u SAD-a i Izraela. diplomatski.<\/p>\n<p>U me\u0111uvremenu, nade u direktne razgovore s ameri\u010dkim zvani\u010dnicima su splasnule nakon \u0161to je ameri\u010dki predsjednik Donald Trump otkazao posjetu svojih izaslanika Islamabadu, ostavljaju\u0107i otvorenom mogu\u0107nost da bi se kontakti mogli odvijati preko telefona. \/message<\/p>\n<p>Koristimo kola\u010di\u0107e za pobolj\u0161anje iskustva i za prikaz oglasa (Google AdSense).<br \/>\n          Klikom na &#8220;Prihvati&#8221;, pristajete na kori\u0161tenje kola\u010di\u0107a u skladu sa<br \/>\n          Politika privatnosti<br \/>\n          i<br \/>\n          Politika kola\u010di\u0107a.<br \/>\n          Nepotrebne kola\u010di\u0107e mo\u017eete odbiti klikom na &#8220;Odbij&#8221;.<\/p>\n<hr style=\"margin:30px 0\">\n<p style=\"font-size:13px;color:#666\">Izvor: <strong>prizrenpost<\/strong><\/p>\n","protected":false},"excerpt":{"rendered":"<p>Iransko ministarstvo vanjskih poslova potvrdilo je da je ministar vanjskih poslova Abbas Araghchi otputovao iz Pakistana u slu\u017ebenu posjetu Rusiji. Prema najavi, tokom ove posjete sastat \u0107e se sa visokim zvani\u010dnicima Ruske Federacije kako bi razgovarali o bilateralnim odnosima Irana i Rusije, kao io regionalnim i me\u0111unarodnim de\u0161avanjima, uklju\u010duju\u0107i rat izme\u0111u SAD-a i Izraela. diplomatski. [&hellip;]<\/p>\n","protected":false},"author":1,"featured_media":31018,"comment_status":"open","ping_status":"open","sticky":false,"template":"","format":"standard","meta":{"footnotes":""},"categories":[24],"tags":[456],"class_list":["post-31017","post","type-post","status-publish","format-standard","has-post-thumbnail","hentry","category-svijet","tag-aktualnost"],"views":5,"_links":{"self":[{"href":"https:\/\/prizrenpost.com\/ba\/wp-json\/wp\/v2\/posts\/31017","targetHints":{"allow":["GET"]}}],"collection":[{"href":"https:\/\/prizrenpost.com\/ba\/wp-json\/wp\/v2\/posts"}],"about":[{"href":"https:\/\/prizrenpost.com\/ba\/wp-json\/wp\/v2\/types\/post"}],"author":[{"embeddable":true,"href":"https:\/\/prizrenpost.com\/ba\/wp-json\/wp\/v2\/users\/1"}],"replies":[{"embeddable":true,"href":"https:\/\/prizrenpost.com\/ba\/wp-json\/wp\/v2\/comments?post=31017"}],"version-history":[{"count":1,"href":"https:\/\/prizrenpost.com\/ba\/wp-json\/wp\/v2\/posts\/31017\/revisions"}],"predecessor-version":[{"id":31019,"href":"https:\/\/prizrenpost.com\/ba\/wp-json\/wp\/v2\/posts\/31017\/revisions\/31019"}],"wp:featuredmedia":[{"embeddable":true,"href":"https:\/\/prizrenpost.com\/ba\/wp-json\/wp\/v2\/media\/31018"}],"wp:attachment":[{"href":"https:\/\/prizrenpost.com\/ba\/wp-json\/wp\/v2\/media?parent=31017"}],"wp:term":[{"taxonomy":"category","embeddable":true,"href":"https:\/\/prizrenpost.com\/ba\/wp-json\/wp\/v2\/categories?post=31017"},{"taxonomy":"post_tag","embeddable":true,"href":"https:\/\/prizrenpost.com\/ba\/wp-json\/wp\/v2\/tags?post=31017"}],"curies":[{"name":"wp","href":"https:\/\/api.w.org\/{rel}","templated":true}]}}