{"id":31027,"date":"2026-04-26T23:01:37","date_gmt":"2026-04-26T21:01:37","guid":{"rendered":"https:\/\/prizrenpost.com\/ba\/35-godisnji-urosevac-osumnjicen-je-za-vise-slucajeva-teske-kradje\/"},"modified":"2026-04-26T23:01:39","modified_gmt":"2026-04-26T21:01:39","slug":"35-godisnji-urosevac-osumnjicen-je-za-vise-slucajeva-teske-kradje","status":"publish","type":"post","link":"https:\/\/prizrenpost.com\/ba\/35-godisnji-urosevac-osumnjicen-je-za-vise-slucajeva-teske-kradje\/","title":{"rendered":"35-godi\u0161nji Uro\u0161evac osumnji\u010den je za vi\u0161e slu\u010dajeva te\u0161ke kra\u0111e"},"content":{"rendered":"<p><img decoding=\"async\" src=\"https:\/\/prizrenpost.com\/ba\/wp-content\/uploads\/vjedhje-1.jpg\" style=\"width:100%;height:auto;margin-bottom:20px\"><\/p>\n<p>Policija u Uro\u0161evcu uhapsila je lice osumnji\u010deno za u\u010de\u0161\u0107e u vi\u0161e slu\u010dajeva krivi\u010dnog dela \u201ete\u0161ka kra\u0111a\u201c, koja se dogodila tokom poslednjih nekoliko meseci.<\/p>\n<p>Prema saop\u0161tenju na Fejsbuku, Istra\u017ena jedinica policijske stanice u Uro\u0161evcu je u periodu novembar 2025. &#8211; april 2026. godine sprovela vi\u0161e uvi\u0111ajnih radnji oko grada i izvr\u0161ila vi\u0161e uvi\u0111aja u gradu u okolini kra\u0111e. sela, uklju\u010duju\u0107i Sojevo, Babu\u0161, Dardaniju, Staro selo i Komogllava.<\/p>\n<p>Kra\u0111e su, prema navodima policije, uglavnom po\u010dinjene u poslovnim objektima, kao \u0161to su prodavnice i fabrike, gde su odno\u0161eni novac i dragocjenosti, prenosi Klankosova.tv.<\/p>\n<p>Nakon uvi\u0111ajnih radnji sigurnosnih kamera, uklju\u010duju\u0107i i prikupljanje podataka na terenu, utvr\u0111eno je da su obavljene uvi\u0111ajne radnje i prikupljanje podataka na terenu. S.T., star 35 godina, koji se sumnji\u010di da je po\u010dinio krivi\u010dna dela uprkos poku\u0161ajima maskiranja.<\/p>\n<p>&#8220;Dana 25.04.2026.godine, po nalogu Osnovnog suda u Uro\u0161evcu, izvr\u0161en je pretres njegove ku\u0107e, gde su prona\u0111eni materijalni dokazi, uklju\u010duju\u0107i ode\u0107u i oru\u0111e koje je kori\u0161\u0107eno pri izvr\u0161enju krivi\u010dnih dela. Uhap\u0161eni su i dalje osumnji\u010deni osumnji\u010deni koji su saslu\u0161avali advokata. \u0161uti.&#8221;<\/p>\n<p>&#8220;Protiv njega je, uz ovla\u0161tenje dr\u017eavnog tu\u017eioca, pokrenut krivi\u010dni postupak &#8220;Te\u0161ka kra\u0111a&#8221; i zabrana mu je na 48 sati, radi daljeg istra\u017enog postupka&#8221;, ka\u017ee PK.\/Klankosova.tv<\/p>\n<p>Koristimo kola\u010di\u0107e za pobolj\u0161anje iskustva i prikazivanje oglasa (Google AdSense).<br \/>\n          Klikom na &#8220;Prihvati&#8221;, pristajete na kori\u0161tenje kola\u010di\u0107a u skladu sa<br \/>\n          Politika privatnosti<br \/>\n          i<br \/>\n          Politika kola\u010di\u0107a.<br \/>\n          Nepotrebne kola\u010di\u0107e mo\u017eete odbiti klikom na &#8220;Odbij&#8221;.<\/p>\n<hr style=\"margin:30px 0\">\n<p style=\"font-size:13px;color:#666\">Izvor: <strong>prizrenpost<\/strong><\/p>\n","protected":false},"excerpt":{"rendered":"<p>Policija u Uro\u0161evcu uhapsila je lice osumnji\u010deno za u\u010de\u0161\u0107e u vi\u0161e slu\u010dajeva krivi\u010dnog dela \u201ete\u0161ka kra\u0111a\u201c, koja se dogodila tokom poslednjih nekoliko meseci. Prema saop\u0161tenju na Fejsbuku, Istra\u017ena jedinica policijske stanice u Uro\u0161evcu je u periodu novembar 2025. &#8211; april 2026. godine sprovela vi\u0161e uvi\u0111ajnih radnji oko grada i izvr\u0161ila vi\u0161e uvi\u0111aja u gradu u [&hellip;]<\/p>\n","protected":false},"author":1,"featured_media":31028,"comment_status":"open","ping_status":"open","sticky":false,"template":"","format":"standard","meta":{"footnotes":""},"categories":[17],"tags":[],"class_list":["post-31027","post","type-post","status-publish","format-standard","has-post-thumbnail","hentry","category-17"],"views":7,"_links":{"self":[{"href":"https:\/\/prizrenpost.com\/ba\/wp-json\/wp\/v2\/posts\/31027","targetHints":{"allow":["GET"]}}],"collection":[{"href":"https:\/\/prizrenpost.com\/ba\/wp-json\/wp\/v2\/posts"}],"about":[{"href":"https:\/\/prizrenpost.com\/ba\/wp-json\/wp\/v2\/types\/post"}],"author":[{"embeddable":true,"href":"https:\/\/prizrenpost.com\/ba\/wp-json\/wp\/v2\/users\/1"}],"replies":[{"embeddable":true,"href":"https:\/\/prizrenpost.com\/ba\/wp-json\/wp\/v2\/comments?post=31027"}],"version-history":[{"count":1,"href":"https:\/\/prizrenpost.com\/ba\/wp-json\/wp\/v2\/posts\/31027\/revisions"}],"predecessor-version":[{"id":31029,"href":"https:\/\/prizrenpost.com\/ba\/wp-json\/wp\/v2\/posts\/31027\/revisions\/31029"}],"wp:featuredmedia":[{"embeddable":true,"href":"https:\/\/prizrenpost.com\/ba\/wp-json\/wp\/v2\/media\/31028"}],"wp:attachment":[{"href":"https:\/\/prizrenpost.com\/ba\/wp-json\/wp\/v2\/media?parent=31027"}],"wp:term":[{"taxonomy":"category","embeddable":true,"href":"https:\/\/prizrenpost.com\/ba\/wp-json\/wp\/v2\/categories?post=31027"},{"taxonomy":"post_tag","embeddable":true,"href":"https:\/\/prizrenpost.com\/ba\/wp-json\/wp\/v2\/tags?post=31027"}],"curies":[{"name":"wp","href":"https:\/\/api.w.org\/{rel}","templated":true}]}}