{"id":31030,"date":"2026-04-26T23:01:44","date_gmt":"2026-04-26T21:01:44","guid":{"rendered":"https:\/\/prizrenpost.com\/ba\/43-godisnjak-osudjen-za-pokusaj-ubistva-uhapsen-je-u-pristini\/"},"modified":"2026-04-26T23:01:46","modified_gmt":"2026-04-26T21:01:46","slug":"43-godisnjak-osudjen-za-pokusaj-ubistva-uhapsen-je-u-pristini","status":"publish","type":"post","link":"https:\/\/prizrenpost.com\/ba\/43-godisnjak-osudjen-za-pokusaj-ubistva-uhapsen-je-u-pristini\/","title":{"rendered":"43-godi\u0161njak osu\u0111en za poku\u0161aj ubistva uhap\u0161en je u Pri\u0161tini"},"content":{"rendered":"<p><img decoding=\"async\" src=\"https:\/\/prizrenpost.com\/ba\/wp-content\/uploads\/AF038A7E-41B1-4CC2-B455-9A6A3709FC9E.jpeg\" style=\"width:100%;height:auto;margin-bottom:20px\"><\/p>\n<p>Pri\u0161tinska policija je saop\u0161tila da je uhapsila tra\u017eenu osobu, osu\u0111enu za krivi\u010dno delo &#8220;ubistvo u poku\u0161aju&#8221;.<\/p>\n<p>Posle objave na Fejsbuku, re\u010d je o A.E., starom 43 godine, dr\u017eavljaninu Kosova, koji je osu\u0111en na godinu i 6 meseci zatvora, prenosi hap\u0161enje severne Klankosova.tv. Stanica u Pri\u0161tini, u okviru teku\u0107ih akcija za hvatanje tra\u017eenih i osu\u0111enih za krivi\u010dna dela.<\/p>\n<p>&#8220;Nakon hap\u0161enja, ista osoba je poslata na izdr\u017eavanje kazne&#8221;, ka\u017ee PK.\/Klankosova.tv<\/p>\n<p>Koristimo kola\u010di\u0107e za pobolj\u0161anje iskustva i prikazivanje reklama (Google AdSense).<br \/>\n          Klikom na &#8220;Prihvati&#8221;, pristajete na kori\u0161tenje kola\u010di\u0107a u skladu sa<br \/>\n          Politika privatnosti<br \/>\n          i<br \/>\n          Politika kola\u010di\u0107a.<br \/>\n          Nepotrebne kola\u010di\u0107e mo\u017eete odbiti klikom na &#8220;Odbij&#8221;.<\/p>\n<hr style=\"margin:30px 0\">\n<p style=\"font-size:13px;color:#666\">Izvor: <strong>prizrenpost<\/strong><\/p>\n","protected":false},"excerpt":{"rendered":"<p>Pri\u0161tinska policija je saop\u0161tila da je uhapsila tra\u017eenu osobu, osu\u0111enu za krivi\u010dno delo &#8220;ubistvo u poku\u0161aju&#8221;. Posle objave na Fejsbuku, re\u010d je o A.E., starom 43 godine, dr\u017eavljaninu Kosova, koji je osu\u0111en na godinu i 6 meseci zatvora, prenosi hap\u0161enje severne Klankosova.tv. Stanica u Pri\u0161tini, u okviru teku\u0107ih akcija za hvatanje tra\u017eenih i osu\u0111enih za [&hellip;]<\/p>\n","protected":false},"author":1,"featured_media":31031,"comment_status":"open","ping_status":"open","sticky":false,"template":"","format":"standard","meta":{"footnotes":""},"categories":[17],"tags":[],"class_list":["post-31030","post","type-post","status-publish","format-standard","has-post-thumbnail","hentry","category-17"],"views":7,"_links":{"self":[{"href":"https:\/\/prizrenpost.com\/ba\/wp-json\/wp\/v2\/posts\/31030","targetHints":{"allow":["GET"]}}],"collection":[{"href":"https:\/\/prizrenpost.com\/ba\/wp-json\/wp\/v2\/posts"}],"about":[{"href":"https:\/\/prizrenpost.com\/ba\/wp-json\/wp\/v2\/types\/post"}],"author":[{"embeddable":true,"href":"https:\/\/prizrenpost.com\/ba\/wp-json\/wp\/v2\/users\/1"}],"replies":[{"embeddable":true,"href":"https:\/\/prizrenpost.com\/ba\/wp-json\/wp\/v2\/comments?post=31030"}],"version-history":[{"count":1,"href":"https:\/\/prizrenpost.com\/ba\/wp-json\/wp\/v2\/posts\/31030\/revisions"}],"predecessor-version":[{"id":31032,"href":"https:\/\/prizrenpost.com\/ba\/wp-json\/wp\/v2\/posts\/31030\/revisions\/31032"}],"wp:featuredmedia":[{"embeddable":true,"href":"https:\/\/prizrenpost.com\/ba\/wp-json\/wp\/v2\/media\/31031"}],"wp:attachment":[{"href":"https:\/\/prizrenpost.com\/ba\/wp-json\/wp\/v2\/media?parent=31030"}],"wp:term":[{"taxonomy":"category","embeddable":true,"href":"https:\/\/prizrenpost.com\/ba\/wp-json\/wp\/v2\/categories?post=31030"},{"taxonomy":"post_tag","embeddable":true,"href":"https:\/\/prizrenpost.com\/ba\/wp-json\/wp\/v2\/tags?post=31030"}],"curies":[{"name":"wp","href":"https:\/\/api.w.org\/{rel}","templated":true}]}}