{"id":31033,"date":"2026-04-27T07:40:54","date_gmt":"2026-04-27T05:40:54","guid":{"rendered":"https:\/\/prizrenpost.com\/ba\/tim-ksb-a-putuje-u-gazu-pocinje-priprema-za-rasporedjivanje-trupa\/"},"modified":"2026-04-27T07:40:54","modified_gmt":"2026-04-27T05:40:54","slug":"tim-ksb-a-putuje-u-gazu-pocinje-priprema-za-rasporedjivanje-trupa","status":"publish","type":"post","link":"https:\/\/prizrenpost.com\/ba\/tim-ksb-a-putuje-u-gazu-pocinje-priprema-za-rasporedjivanje-trupa\/","title":{"rendered":"Tim KSB-a putuje u Gazu &#8211; po\u010dinje priprema za raspore\u0111ivanje trupa"},"content":{"rendered":"<p>Komandant Kosovskih bezbednosnih snaga (KSB) Bashkim Jashari poslao je tim u Gazu da izvr\u0161i izvi\u0111anje podru\u010dja gde se o\u010dekuje da \u0107e snage KBS-a delovati u okviru me\u0111unarodne mirovne misije.<\/p>\n<p>Prema zvani\u010dnom saop\u0161tenju, tim KSB \u0107e izvr\u0161iti preliminarnu procenu terena i koordinacioni deo aktivnosti na terenu, koji \u0107e biti deo koordinacije situacije na terenu. stabilizacijskih snaga. Me\u0111unarodna slu\u017eba sigurnosti (ISF) u Gazi.<\/p>\n<p>Tokom svog boravka u Gazi, delegacija je odr\u017eala niz sastanaka sa vlastima koje se bave administracijom Gaze, kao i sa predstavnicima Civilno-vojnog koordinacionog centra (CMCC), koji djeluje pod nadzorom Mirovnog odbora, u skladu sa Rezolucijom UN 2803, u skladu s Rezolucijom UN-a 2803.<\/p>\n<p>U procesu integracije KSF-a u ovaj sastanak.<\/p>\n<p> misiju, razvoj zajedni\u010dkih operacija i koordinaciju logisti\u010dke podr\u0161ke.<\/p>\n<p>Snage bezbednosti Kosova su naglasile da ostaju posve\u0107ene doprinosu globalnom miru i stabilnosti, blisko sara\u0111uju\u0107i sa me\u0111unarodnim saveznicima, posebno sa Sjedinjenim Ameri\u010dkim Dr\u017eavama, kao i po\u0161tuju\u0107i me\u0111unarodne standarde i vrednosti za odr\u017eavanje mira. (<\/p>\n<p>Koristimo iskustvo i kola\u010di\u0107e za prikaz Google oglasa za pobolj\u0161anje oglasa).<br \/>\n          Klikom na &#8220;Prihvati&#8221;, pristajete na kori\u0161tenje kola\u010di\u0107a u skladu sa<br \/>\n          Politika privatnosti<br \/>\n          i<br \/>\n          Politika kola\u010di\u0107a.<br \/>\n          Nepotrebne kola\u010di\u0107e mo\u017eete odbiti klikom na &#8220;Odbij&#8221;.<\/p>\n<hr style=\"margin:30px 0\">\n<p style=\"font-size:13px;color:#666\">Izvor: <strong>prizrenpost<\/strong><\/p>\n","protected":false},"excerpt":{"rendered":"<p>Komandant Kosovskih bezbednosnih snaga (KSB) Bashkim Jashari poslao je tim u Gazu da izvr\u0161i izvi\u0111anje podru\u010dja gde se o\u010dekuje da \u0107e snage KBS-a delovati u okviru me\u0111unarodne mirovne misije. Prema zvani\u010dnom saop\u0161tenju, tim KSB \u0107e izvr\u0161iti preliminarnu procenu terena i koordinacioni deo aktivnosti na terenu, koji \u0107e biti deo koordinacije situacije na terenu. stabilizacijskih snaga. [&hellip;]<\/p>\n","protected":false},"author":1,"featured_media":0,"comment_status":"open","ping_status":"open","sticky":false,"template":"","format":"standard","meta":{"footnotes":""},"categories":[14],"tags":[],"class_list":["post-31033","post","type-post","status-publish","format-standard","hentry","category-nacionalne"],"views":3,"_links":{"self":[{"href":"https:\/\/prizrenpost.com\/ba\/wp-json\/wp\/v2\/posts\/31033","targetHints":{"allow":["GET"]}}],"collection":[{"href":"https:\/\/prizrenpost.com\/ba\/wp-json\/wp\/v2\/posts"}],"about":[{"href":"https:\/\/prizrenpost.com\/ba\/wp-json\/wp\/v2\/types\/post"}],"author":[{"embeddable":true,"href":"https:\/\/prizrenpost.com\/ba\/wp-json\/wp\/v2\/users\/1"}],"replies":[{"embeddable":true,"href":"https:\/\/prizrenpost.com\/ba\/wp-json\/wp\/v2\/comments?post=31033"}],"version-history":[{"count":0,"href":"https:\/\/prizrenpost.com\/ba\/wp-json\/wp\/v2\/posts\/31033\/revisions"}],"wp:attachment":[{"href":"https:\/\/prizrenpost.com\/ba\/wp-json\/wp\/v2\/media?parent=31033"}],"wp:term":[{"taxonomy":"category","embeddable":true,"href":"https:\/\/prizrenpost.com\/ba\/wp-json\/wp\/v2\/categories?post=31033"},{"taxonomy":"post_tag","embeddable":true,"href":"https:\/\/prizrenpost.com\/ba\/wp-json\/wp\/v2\/tags?post=31033"}],"curies":[{"name":"wp","href":"https:\/\/api.w.org\/{rel}","templated":true}]}}