{"id":31052,"date":"2026-04-27T08:15:15","date_gmt":"2026-04-27T06:15:15","guid":{"rendered":"https:\/\/prizrenpost.com\/ba\/protest-u-besima-zbog-bezbednosti-na-putevima-stanovnici-zahtevaju-kruzni-tok\/"},"modified":"2026-04-27T08:15:18","modified_gmt":"2026-04-27T06:15:18","slug":"protest-u-besima-zbog-bezbednosti-na-putevima-stanovnici-zahtevaju-kruzni-tok","status":"publish","type":"post","link":"https:\/\/prizrenpost.com\/ba\/protest-u-besima-zbog-bezbednosti-na-putevima-stanovnici-zahtevaju-kruzni-tok\/","title":{"rendered":"Protest u Besima zbog bezbednosti na putevima, stanovnici zahtevaju kru\u017eni tok"},"content":{"rendered":"<p><img decoding=\"async\" src=\"https:\/\/prizrenpost.com\/ba\/wp-content\/uploads\/prizrenpostog-og-583.jpg\" style=\"width:100%;height:auto;margin-bottom:20px\"><\/p>\n<p>Me\u0161tani sela Besi organizovali su danas protest, izra\u017eavaju\u0107i zabrinutost za bezbednost jednog od glavnih segmenata puta u ovom kraju.<\/p>\n<p>Zahtevaju izgradnju kru\u017enog toka, isti\u010du\u0107i da sada\u0161nji put sa \u010detiri trake predstavlja stalni rizik za voza\u010de i pje\u0161ake, zbog nepostojanja signalizacije i pote\u0161ko\u0107a u saobra\u0107aju, a prijavljeno je da nema incidenata tokom protesta.<\/p>\n<p> na sceni su bile i jedinice Kosovske policije kako bi osigurale red i mir<\/p>\n<p>Koristimo kola\u010di\u0107e za pobolj\u0161anje iskustva i prikazivanje oglasa (Google AdSense).<br \/>\n          Klikom na &#8220;Prihvati&#8221;, pristajete na kori\u0161tenje kola\u010di\u0107a u skladu sa<br \/>\n          Politika privatnosti<br \/>\n          i<br \/>\n          Politika kola\u010di\u0107a.<br \/>\n          Nepotrebne kola\u010di\u0107e mo\u017eete odbiti klikom na &#8220;Odbij&#8221;.<\/p>\n<hr style=\"margin:30px 0\">\n<p style=\"font-size:13px;color:#666\">Izvor: <strong>prizrenpost<\/strong><\/p>\n","protected":false},"excerpt":{"rendered":"<p>Me\u0161tani sela Besi organizovali su danas protest, izra\u017eavaju\u0107i zabrinutost za bezbednost jednog od glavnih segmenata puta u ovom kraju. Zahtevaju izgradnju kru\u017enog toka, isti\u010du\u0107i da sada\u0161nji put sa \u010detiri trake predstavlja stalni rizik za voza\u010de i pje\u0161ake, zbog nepostojanja signalizacije i pote\u0161ko\u0107a u saobra\u0107aju, a prijavljeno je da nema incidenata tokom protesta. na sceni su [&hellip;]<\/p>\n","protected":false},"author":1,"featured_media":31053,"comment_status":"open","ping_status":"open","sticky":false,"template":"","format":"standard","meta":{"footnotes":""},"categories":[14],"tags":[456],"class_list":["post-31052","post","type-post","status-publish","format-standard","has-post-thumbnail","hentry","category-nacionalne","tag-aktualnost"],"views":3,"_links":{"self":[{"href":"https:\/\/prizrenpost.com\/ba\/wp-json\/wp\/v2\/posts\/31052","targetHints":{"allow":["GET"]}}],"collection":[{"href":"https:\/\/prizrenpost.com\/ba\/wp-json\/wp\/v2\/posts"}],"about":[{"href":"https:\/\/prizrenpost.com\/ba\/wp-json\/wp\/v2\/types\/post"}],"author":[{"embeddable":true,"href":"https:\/\/prizrenpost.com\/ba\/wp-json\/wp\/v2\/users\/1"}],"replies":[{"embeddable":true,"href":"https:\/\/prizrenpost.com\/ba\/wp-json\/wp\/v2\/comments?post=31052"}],"version-history":[{"count":1,"href":"https:\/\/prizrenpost.com\/ba\/wp-json\/wp\/v2\/posts\/31052\/revisions"}],"predecessor-version":[{"id":31054,"href":"https:\/\/prizrenpost.com\/ba\/wp-json\/wp\/v2\/posts\/31052\/revisions\/31054"}],"wp:featuredmedia":[{"embeddable":true,"href":"https:\/\/prizrenpost.com\/ba\/wp-json\/wp\/v2\/media\/31053"}],"wp:attachment":[{"href":"https:\/\/prizrenpost.com\/ba\/wp-json\/wp\/v2\/media?parent=31052"}],"wp:term":[{"taxonomy":"category","embeddable":true,"href":"https:\/\/prizrenpost.com\/ba\/wp-json\/wp\/v2\/categories?post=31052"},{"taxonomy":"post_tag","embeddable":true,"href":"https:\/\/prizrenpost.com\/ba\/wp-json\/wp\/v2\/tags?post=31052"}],"curies":[{"name":"wp","href":"https:\/\/api.w.org\/{rel}","templated":true}]}}