{"id":31061,"date":"2026-04-27T08:40:28","date_gmt":"2026-04-27T06:40:28","guid":{"rendered":"https:\/\/prizrenpost.com\/ba\/skupstina-se-sastaje-na-dvije-sjednice\/"},"modified":"2026-04-27T08:40:34","modified_gmt":"2026-04-27T06:40:34","slug":"skupstina-se-sastaje-na-dvije-sjednice","status":"publish","type":"post","link":"https:\/\/prizrenpost.com\/ba\/skupstina-se-sastaje-na-dvije-sjednice\/","title":{"rendered":"Skup\u0161tina se sastaje na dvije sjednice"},"content":{"rendered":"<p><img decoding=\"async\" src=\"https:\/\/prizrenpost.com\/ba\/wp-content\/uploads\/prizrenpostog-og-584.jpg\" style=\"width:100%;height:auto;margin-bottom:20px\">Poslanici Skup\u0161tine Kosova sasta\u0107e se danas na dve sednice. Prvi, kako je najavljeno, mo\u017ee biti odr\u017ean sa po\u010detkom u 09:00 sati, gdje \u0107e se okupiti izabranici naroda da odaju po\u010dast preminulom akademiku Red\u017eepu \u0106osjenu. Dok \u0107e od 12:00 \u010dasova Skup\u0161tina odr\u017eati redovnu plenarnu sjednicu. Izvor: [\u2026]<\/p>\n<hr style=\"margin:30px 0\">\n<p style=\"font-size:13px;color:#666\">Izvor: <strong>prizrenpost<\/strong><\/p>\n","protected":false},"excerpt":{"rendered":"<p>Poslanici Skup\u0161tine Kosova sasta\u0107e se danas na dve sednice. Prvi, kako je najavljeno, mo\u017ee biti odr\u017ean sa po\u010detkom u 09:00 sati, gdje \u0107e se okupiti izabranici naroda da odaju po\u010dast preminulom akademiku Red\u017eepu \u0106osjenu. Dok \u0107e od 12:00 \u010dasova Skup\u0161tina odr\u017eati redovnu plenarnu sjednicu. Izvor: [\u2026] Izvor: prizrenpost<\/p>\n","protected":false},"author":1,"featured_media":31062,"comment_status":"open","ping_status":"open","sticky":false,"template":"","format":"standard","meta":{"footnotes":""},"categories":[14],"tags":[456],"class_list":["post-31061","post","type-post","status-publish","format-standard","has-post-thumbnail","hentry","category-nacionalne","tag-aktualnost"],"views":5,"_links":{"self":[{"href":"https:\/\/prizrenpost.com\/ba\/wp-json\/wp\/v2\/posts\/31061","targetHints":{"allow":["GET"]}}],"collection":[{"href":"https:\/\/prizrenpost.com\/ba\/wp-json\/wp\/v2\/posts"}],"about":[{"href":"https:\/\/prizrenpost.com\/ba\/wp-json\/wp\/v2\/types\/post"}],"author":[{"embeddable":true,"href":"https:\/\/prizrenpost.com\/ba\/wp-json\/wp\/v2\/users\/1"}],"replies":[{"embeddable":true,"href":"https:\/\/prizrenpost.com\/ba\/wp-json\/wp\/v2\/comments?post=31061"}],"version-history":[{"count":1,"href":"https:\/\/prizrenpost.com\/ba\/wp-json\/wp\/v2\/posts\/31061\/revisions"}],"predecessor-version":[{"id":31063,"href":"https:\/\/prizrenpost.com\/ba\/wp-json\/wp\/v2\/posts\/31061\/revisions\/31063"}],"wp:featuredmedia":[{"embeddable":true,"href":"https:\/\/prizrenpost.com\/ba\/wp-json\/wp\/v2\/media\/31062"}],"wp:attachment":[{"href":"https:\/\/prizrenpost.com\/ba\/wp-json\/wp\/v2\/media?parent=31061"}],"wp:term":[{"taxonomy":"category","embeddable":true,"href":"https:\/\/prizrenpost.com\/ba\/wp-json\/wp\/v2\/categories?post=31061"},{"taxonomy":"post_tag","embeddable":true,"href":"https:\/\/prizrenpost.com\/ba\/wp-json\/wp\/v2\/tags?post=31061"}],"curies":[{"name":"wp","href":"https:\/\/api.w.org\/{rel}","templated":true}]}}