{"id":31064,"date":"2026-04-27T08:45:30","date_gmt":"2026-04-27T06:45:30","guid":{"rendered":"https:\/\/prizrenpost.com\/ba\/kurti-na-otvaranju-kancelarije-na-severu-diskriminaciji-je-dosao-kraj\/"},"modified":"2026-04-27T08:45:32","modified_gmt":"2026-04-27T06:45:32","slug":"kurti-na-otvaranju-kancelarije-na-severu-diskriminaciji-je-dosao-kraj","status":"publish","type":"post","link":"https:\/\/prizrenpost.com\/ba\/kurti-na-otvaranju-kancelarije-na-severu-diskriminaciji-je-dosao-kraj\/","title":{"rendered":"Kurti na otvaranju kancelarije na severu: Diskriminaciji je do\u0161ao kraj"},"content":{"rendered":"<p><img decoding=\"async\" src=\"https:\/\/prizrenpost.com\/ba\/wp-content\/uploads\/prizrenpostog-og-585.jpg\" style=\"width:100%;height:auto;margin-bottom:20px\"><\/p>\n<p>Kancelarija Ministarstva poljoprivrede, \u0161umarstva i ruralnog razvoja u Severnoj Mitrovici otvorena je u ponedeljak.<\/p>\n<p>Ovom otvaranju prisustvovali su premijer Kosova Aljbin Kurti, ministri Armend Muja, D\u017eelal Sve\u010da i Elbert Krasni\u0107i, kao i gradona\u010delnik Ju\u017ene Mitrovice Faton Peci. sjever za\u0161to gradona\u010delnik nije bio prisutan. Severne Mitrovice, koji dolazi iz redova srpskih manjina, za koje je rekao da \u201etreba da znate da svi treba vi\u0161e da vode ra\u010duna o obi\u010dnim gra\u0111anima\u201d, pi\u0161e KP.<\/p>\n<p>Kako je rekao, gradona\u010delnici su vi\u0161i sloj gra\u0111ana, jer je sugerisao medijima da ne brinu o njima.<\/p>\n<p>Kurti je rekao da je danas \u201edo\u0161ao kraj diskriminaciji nego da je to<\/p>\n<p>do\u0161lo do kraja diskriminacije\u201d. imamo ovaj dan, koji nudi sveobuhvatnost&#8221;, rekao je Kurti.<\/p>\n<p>Koristimo kola\u010di\u0107e za pobolj\u0161anje iskustva i za prikazivanje reklama (Google AdSense).<br \/>\n          Klikom na &#8220;Prihvati&#8221;, pristajete na kori\u0161tenje kola\u010di\u0107a u skladu sa<br \/>\n          Politika privatnosti<br \/>\n          i<br \/>\n          Politika kola\u010di\u0107a.<br \/>\n          Nepotrebne kola\u010di\u0107e mo\u017eete odbiti klikom na &#8220;Odbij&#8221;.<\/p>\n<hr style=\"margin:30px 0\">\n<p style=\"font-size:13px;color:#666\">Izvor: <strong>prizrenpost<\/strong><\/p>\n","protected":false},"excerpt":{"rendered":"<p>Kancelarija Ministarstva poljoprivrede, \u0161umarstva i ruralnog razvoja u Severnoj Mitrovici otvorena je u ponedeljak. Ovom otvaranju prisustvovali su premijer Kosova Aljbin Kurti, ministri Armend Muja, D\u017eelal Sve\u010da i Elbert Krasni\u0107i, kao i gradona\u010delnik Ju\u017ene Mitrovice Faton Peci. sjever za\u0161to gradona\u010delnik nije bio prisutan. Severne Mitrovice, koji dolazi iz redova srpskih manjina, za koje je rekao [&hellip;]<\/p>\n","protected":false},"author":1,"featured_media":31065,"comment_status":"open","ping_status":"open","sticky":false,"template":"","format":"standard","meta":{"footnotes":""},"categories":[14],"tags":[456],"class_list":["post-31064","post","type-post","status-publish","format-standard","has-post-thumbnail","hentry","category-nacionalne","tag-aktualnost"],"views":3,"_links":{"self":[{"href":"https:\/\/prizrenpost.com\/ba\/wp-json\/wp\/v2\/posts\/31064","targetHints":{"allow":["GET"]}}],"collection":[{"href":"https:\/\/prizrenpost.com\/ba\/wp-json\/wp\/v2\/posts"}],"about":[{"href":"https:\/\/prizrenpost.com\/ba\/wp-json\/wp\/v2\/types\/post"}],"author":[{"embeddable":true,"href":"https:\/\/prizrenpost.com\/ba\/wp-json\/wp\/v2\/users\/1"}],"replies":[{"embeddable":true,"href":"https:\/\/prizrenpost.com\/ba\/wp-json\/wp\/v2\/comments?post=31064"}],"version-history":[{"count":1,"href":"https:\/\/prizrenpost.com\/ba\/wp-json\/wp\/v2\/posts\/31064\/revisions"}],"predecessor-version":[{"id":31066,"href":"https:\/\/prizrenpost.com\/ba\/wp-json\/wp\/v2\/posts\/31064\/revisions\/31066"}],"wp:featuredmedia":[{"embeddable":true,"href":"https:\/\/prizrenpost.com\/ba\/wp-json\/wp\/v2\/media\/31065"}],"wp:attachment":[{"href":"https:\/\/prizrenpost.com\/ba\/wp-json\/wp\/v2\/media?parent=31064"}],"wp:term":[{"taxonomy":"category","embeddable":true,"href":"https:\/\/prizrenpost.com\/ba\/wp-json\/wp\/v2\/categories?post=31064"},{"taxonomy":"post_tag","embeddable":true,"href":"https:\/\/prizrenpost.com\/ba\/wp-json\/wp\/v2\/tags?post=31064"}],"curies":[{"name":"wp","href":"https:\/\/api.w.org\/{rel}","templated":true}]}}