{"id":31067,"date":"2026-04-27T10:00:49","date_gmt":"2026-04-27T08:00:49","guid":{"rendered":"https:\/\/prizrenpost.com\/ba\/optuznica-protiv-osobe-koja-je-ostetila-zastavu-turske-u-mitrovici\/"},"modified":"2026-04-27T10:01:00","modified_gmt":"2026-04-27T08:01:00","slug":"optuznica-protiv-osobe-koja-je-ostetila-zastavu-turske-u-mitrovici","status":"publish","type":"post","link":"https:\/\/prizrenpost.com\/ba\/optuznica-protiv-osobe-koja-je-ostetila-zastavu-turske-u-mitrovici\/","title":{"rendered":"Optu\u017enica protiv osobe koja je o\u0161tetila zastavu Turske u Mitrovici"},"content":{"rendered":"<p><img decoding=\"async\" src=\"https:\/\/prizrenpost.com\/ba\/wp-content\/uploads\/prizrenpostog-og-586.jpg\" style=\"width:100%;height:auto;margin-bottom:20px\"><\/p>\n<p>Specijalno tu\u017eila\u0161tvo Kosova podiglo je optu\u017enicu protiv D.Z. zbog po\u010dinjenja krivi\u010dnih dela \u201eIzazivanje razdora i netrpeljivosti\u201c i \u201eNeovla\u0161\u0107eno posedovanje, kontrola ili dr\u017eanje oru\u017eja\u201c.<\/p>\n<p>Prema optu\u017enici, dana 05.03.2026. okrivljeni D.Z. je preduzeo konkretne radnje s ciljem izazivanja mr\u017enje i nestrpljenja koji izazivaju naru\u0161avanje javnog reda i mira.<\/p>\n<p>&#8220;Osumnji\u010deni je tokom javne aktivnosti organizovane povodom iftara u mjesecu Ramazanu, o\u0161trim oru\u0111em o\u0161tetio dr\u017eavnu zastavu Republike Turske i javno vrije\u0111ao ovaj simbol. Tako\u0111e, od neutvr\u0111enog optu\u017eenog do 122. protivljenju va\u017ee\u0107em zakonu i bez odgovaraju\u0107eg ovla\u0161tenja posjedovao je oru\u017eje i municiju\u201d, navodi se u saop\u0161tenju.<\/p>\n<p>Koristimo kola\u010di\u0107e za pobolj\u0161anje iskustva i prikazivanje reklama (Google AdSense).<br \/>\n          Klikom na &#8220;Prihvati&#8221;, pristajete na kori\u0161tenje kola\u010di\u0107a u skladu sa<br \/>\n          Politika privatnosti<br \/>\n          i<br \/>\n          Politika kola\u010di\u0107a.<br \/>\n          Nepotrebne kola\u010di\u0107e mo\u017eete odbiti klikom na &#8220;Odbij&#8221;.<\/p>\n<hr style=\"margin:30px 0\">\n<p style=\"font-size:13px;color:#666\">Izvor: <strong>prizrenpost<\/strong><\/p>\n","protected":false},"excerpt":{"rendered":"<p>Specijalno tu\u017eila\u0161tvo Kosova podiglo je optu\u017enicu protiv D.Z. zbog po\u010dinjenja krivi\u010dnih dela \u201eIzazivanje razdora i netrpeljivosti\u201c i \u201eNeovla\u0161\u0107eno posedovanje, kontrola ili dr\u017eanje oru\u017eja\u201c. Prema optu\u017enici, dana 05.03.2026. okrivljeni D.Z. je preduzeo konkretne radnje s ciljem izazivanja mr\u017enje i nestrpljenja koji izazivaju naru\u0161avanje javnog reda i mira. &#8220;Osumnji\u010deni je tokom javne aktivnosti organizovane povodom iftara u [&hellip;]<\/p>\n","protected":false},"author":1,"featured_media":31068,"comment_status":"open","ping_status":"open","sticky":false,"template":"","format":"standard","meta":{"footnotes":""},"categories":[14],"tags":[456],"class_list":["post-31067","post","type-post","status-publish","format-standard","has-post-thumbnail","hentry","category-nacionalne","tag-aktualnost"],"views":8,"_links":{"self":[{"href":"https:\/\/prizrenpost.com\/ba\/wp-json\/wp\/v2\/posts\/31067","targetHints":{"allow":["GET"]}}],"collection":[{"href":"https:\/\/prizrenpost.com\/ba\/wp-json\/wp\/v2\/posts"}],"about":[{"href":"https:\/\/prizrenpost.com\/ba\/wp-json\/wp\/v2\/types\/post"}],"author":[{"embeddable":true,"href":"https:\/\/prizrenpost.com\/ba\/wp-json\/wp\/v2\/users\/1"}],"replies":[{"embeddable":true,"href":"https:\/\/prizrenpost.com\/ba\/wp-json\/wp\/v2\/comments?post=31067"}],"version-history":[{"count":1,"href":"https:\/\/prizrenpost.com\/ba\/wp-json\/wp\/v2\/posts\/31067\/revisions"}],"predecessor-version":[{"id":31069,"href":"https:\/\/prizrenpost.com\/ba\/wp-json\/wp\/v2\/posts\/31067\/revisions\/31069"}],"wp:featuredmedia":[{"embeddable":true,"href":"https:\/\/prizrenpost.com\/ba\/wp-json\/wp\/v2\/media\/31068"}],"wp:attachment":[{"href":"https:\/\/prizrenpost.com\/ba\/wp-json\/wp\/v2\/media?parent=31067"}],"wp:term":[{"taxonomy":"category","embeddable":true,"href":"https:\/\/prizrenpost.com\/ba\/wp-json\/wp\/v2\/categories?post=31067"},{"taxonomy":"post_tag","embeddable":true,"href":"https:\/\/prizrenpost.com\/ba\/wp-json\/wp\/v2\/tags?post=31067"}],"curies":[{"name":"wp","href":"https:\/\/api.w.org\/{rel}","templated":true}]}}