{"id":31082,"date":"2026-04-27T11:13:25","date_gmt":"2026-04-27T09:13:25","guid":{"rendered":"https:\/\/prizrenpost.com\/ba\/izrael-pokrece-nove-napade-u-libanu-preseca-put-prema-juznom-gradu-kafru\/"},"modified":"2026-04-27T11:13:29","modified_gmt":"2026-04-27T09:13:29","slug":"izrael-pokrece-nove-napade-u-libanu-preseca-put-prema-juznom-gradu-kafru","status":"publish","type":"post","link":"https:\/\/prizrenpost.com\/ba\/izrael-pokrece-nove-napade-u-libanu-preseca-put-prema-juznom-gradu-kafru\/","title":{"rendered":"Izrael pokre\u0107e nove napade u Libanu, preseca put prema ju\u017enom gradu Kafru"},"content":{"rendered":"<p><img decoding=\"async\" src=\"https:\/\/prizrenpost.com\/ba\/wp-content\/uploads\/thumbs_b_c_c1cfa53c702fdbca8d769c99d9d47dac.jpg\" style=\"width:100%;height:auto;margin-bottom:20px\"><\/p>\n<p>Izraelska vojska pokrenula je danas napade na ulazu u grad Kafru na jugu Libana, presjekav\u0161i put koji vodi ka gradu uprkos prekidu vatre, javlja Anadolu.<\/p>\n<p>Kako je izvijestila libanonska Nacionalna novinska agencija (NNA), izraelska vojska je rekla da su se sirene za zra\u010dni napad \u010dule na sjeveru, uklju\u010duju\u0107i i ono \u0161to je arapsko podru\u010dje Al-Aramshfil nazvalo &#8220;Al-Aramcraft&#8221;. neprijateljski.&#8221;<\/p>\n<p>U nedjelju je najmanje 14 ljudi, uklju\u010duju\u0107i dvoje djece, ubijeno, a 37 ranjeno u seriji izraelskih zra\u010dnih napada koji su ga\u0111ali vi\u0161e podru\u010dja u ju\u017enom Libanu, \u0161to je ozna\u010dilo eskalaciju otkako je primirje stupilo na snagu.<\/p>\n<p>Ove brojke izvijestilo je libanonsko ministarstvo zdravlja i NNA, koja je saop\u0161tila da je izraelska vojna infrastruktura ciljala na uni\u0161tenje mati\u010dnog grada. Yaroun i Bint Jbeil na jugu.<\/p>\n<p>Izrael je napao Liban zra\u010dnim napadima i pokrenuo kopnenu ofanzivu na jugu od prekograni\u010dnog napada Hezbolaha 2. marta. Region je u pripravnosti otkako su SAD i Izrael pokrenule zra\u010dnu ofanzivu na Iran 28. februara.<\/p>\n<p>S obzirom da je Izrael ubio vi\u0161e napada nego Leban u martu, Izrael je pro\u0161irio napade na Leban u martu. 2.500 ljudi i raseljeno vi\u0161e od milion drugih, prema libanonskim vlastima, 16. aprila prvi put je objavljen desetodnevni prekid vatre, ali ga je Izrael vi\u0161e puta kr\u0161io.<\/p>\n<p>U \u010detvrtak je ameri\u010dki predsjednik Donald Trump rekao da su se Izrael i Liban slo\u017eili da produ\u017ee primirje za tri sedmice nakon druge runde pregovora u Bijeloj ku\u0107i<\/p>\n<p>. iskustvo i prikazni oglasi (Google AdSense).<br \/>\n          Klikom na &#8220;Prihvati&#8221;, pristajete na kori\u0161tenje kola\u010di\u0107a u skladu sa<br \/>\n          Politika privatnosti<br \/>\n          i<br \/>\n          Politika kola\u010di\u0107a.<br \/>\n          Nepotrebne kola\u010di\u0107e mo\u017eete odbiti klikom na &#8220;Odbij&#8221;.<\/p>\n<hr style=\"margin:30px 0\">\n<p style=\"font-size:13px;color:#666\">Izvor: <strong>prizrenpost<\/strong><\/p>\n","protected":false},"excerpt":{"rendered":"<p>Izraelska vojska pokrenula je danas napade na ulazu u grad Kafru na jugu Libana, presjekav\u0161i put koji vodi ka gradu uprkos prekidu vatre, javlja Anadolu. Kako je izvijestila libanonska Nacionalna novinska agencija (NNA), izraelska vojska je rekla da su se sirene za zra\u010dni napad \u010dule na sjeveru, uklju\u010duju\u0107i i ono \u0161to je arapsko podru\u010dje Al-Aramshfil [&hellip;]<\/p>\n","protected":false},"author":1,"featured_media":31083,"comment_status":"open","ping_status":"open","sticky":false,"template":"","format":"standard","meta":{"footnotes":""},"categories":[24],"tags":[456],"class_list":["post-31082","post","type-post","status-publish","format-standard","has-post-thumbnail","hentry","category-svijet","tag-aktualnost"],"views":12,"_links":{"self":[{"href":"https:\/\/prizrenpost.com\/ba\/wp-json\/wp\/v2\/posts\/31082","targetHints":{"allow":["GET"]}}],"collection":[{"href":"https:\/\/prizrenpost.com\/ba\/wp-json\/wp\/v2\/posts"}],"about":[{"href":"https:\/\/prizrenpost.com\/ba\/wp-json\/wp\/v2\/types\/post"}],"author":[{"embeddable":true,"href":"https:\/\/prizrenpost.com\/ba\/wp-json\/wp\/v2\/users\/1"}],"replies":[{"embeddable":true,"href":"https:\/\/prizrenpost.com\/ba\/wp-json\/wp\/v2\/comments?post=31082"}],"version-history":[{"count":1,"href":"https:\/\/prizrenpost.com\/ba\/wp-json\/wp\/v2\/posts\/31082\/revisions"}],"predecessor-version":[{"id":31084,"href":"https:\/\/prizrenpost.com\/ba\/wp-json\/wp\/v2\/posts\/31082\/revisions\/31084"}],"wp:featuredmedia":[{"embeddable":true,"href":"https:\/\/prizrenpost.com\/ba\/wp-json\/wp\/v2\/media\/31083"}],"wp:attachment":[{"href":"https:\/\/prizrenpost.com\/ba\/wp-json\/wp\/v2\/media?parent=31082"}],"wp:term":[{"taxonomy":"category","embeddable":true,"href":"https:\/\/prizrenpost.com\/ba\/wp-json\/wp\/v2\/categories?post=31082"},{"taxonomy":"post_tag","embeddable":true,"href":"https:\/\/prizrenpost.com\/ba\/wp-json\/wp\/v2\/tags?post=31082"}],"curies":[{"name":"wp","href":"https:\/\/api.w.org\/{rel}","templated":true}]}}