{"id":31094,"date":"2026-04-27T11:14:32","date_gmt":"2026-04-27T09:14:32","guid":{"rendered":"https:\/\/prizrenpost.com\/ba\/araghchi-nastavlja-diplomatsku-ofanzivu-od-islamabada-do-moskve\/"},"modified":"2026-04-27T11:14:34","modified_gmt":"2026-04-27T09:14:34","slug":"araghchi-nastavlja-diplomatsku-ofanzivu-od-islamabada-do-moskve","status":"publish","type":"post","link":"https:\/\/prizrenpost.com\/ba\/araghchi-nastavlja-diplomatsku-ofanzivu-od-islamabada-do-moskve\/","title":{"rendered":"Araghchi nastavlja diplomatsku ofanzivu, od Islamabada do Moskve"},"content":{"rendered":"<p><img decoding=\"async\" src=\"https:\/\/prizrenpost.com\/ba\/wp-content\/uploads\/Irans-foreign-minister-is-headed-to-Moscow-1.jpg\" style=\"width:100%;height:auto;margin-bottom:20px\"><\/p>\n<p>Iranski ministar vanjskih poslova Abbas Araghchi uputio se u Moskvu nakon niza diplomatskih posjeta regionu, u vrijeme kada su mirovni napori izme\u0111u Teherana i Washingtona i dalje u mrtvoj ta\u010dki.<\/p>\n<p>Araghchi je posjetio Pakistan i Oman, gdje se sastao s visokim \u010delnicima, uklju\u010duju\u0107i na\u010delnika pakistanske vojske Asima Munira, premijera Darigna, ministra Shehbaza Sharifp-a, koji se sastaje sa ministrom Dariignom,<\/p>\n<p>A. privremeno se vratio u Islamabad, a zatim oti\u0161ao u Moskvu, gdje se o\u010dekuje da \u0107e razgovarati s visokim ruskim du\u017enosnicima.<\/p>\n<p>Prema iranskim medijima, Teheran je poslao &#8220;pisane poruke&#8221; Sjedinjenim Dr\u017eavama uz posredovanje Pakistana, definiraju\u0107i crvene linije, uklju\u010duju\u0107i nuklearna pitanja i Hormu\u0161ki moreuz. Me\u0111utim, oni se ne smatraju dijelom formalnih pregovora.<\/p>\n<p>Doga\u0111aji se de\u0161avaju u trenutku kada su direktni kontakti izme\u0111u Irana i SAD-a obustavljeni, dok se diplomatski napori za ubla\u017eavanje tenzija nastavljaju na nekoliko frontova. \/message<\/p>\n<p>Koristimo kola\u010di\u0107e za pobolj\u0161anje iskustva i za prikaz oglasa (Google AdSense).<br \/>\n          Klikom na &#8220;Prihvati&#8221;, pristajete na kori\u0161tenje kola\u010di\u0107a u skladu sa<br \/>\n          Politika privatnosti<br \/>\n          i<br \/>\n          Politika kola\u010di\u0107a.<br \/>\n          Nepotrebne kola\u010di\u0107e mo\u017eete odbiti klikom na &#8220;Odbij&#8221;.<\/p>\n<hr style=\"margin:30px 0\">\n<p style=\"font-size:13px;color:#666\">Izvor: <strong>prizrenpost<\/strong><\/p>\n","protected":false},"excerpt":{"rendered":"<p>Iranski ministar vanjskih poslova Abbas Araghchi uputio se u Moskvu nakon niza diplomatskih posjeta regionu, u vrijeme kada su mirovni napori izme\u0111u Teherana i Washingtona i dalje u mrtvoj ta\u010dki. Araghchi je posjetio Pakistan i Oman, gdje se sastao s visokim \u010delnicima, uklju\u010duju\u0107i na\u010delnika pakistanske vojske Asima Munira, premijera Darigna, ministra Shehbaza Sharifp-a, koji se [&hellip;]<\/p>\n","protected":false},"author":1,"featured_media":31095,"comment_status":"open","ping_status":"open","sticky":false,"template":"","format":"standard","meta":{"footnotes":""},"categories":[24],"tags":[456],"class_list":["post-31094","post","type-post","status-publish","format-standard","has-post-thumbnail","hentry","category-svijet","tag-aktualnost"],"views":4,"_links":{"self":[{"href":"https:\/\/prizrenpost.com\/ba\/wp-json\/wp\/v2\/posts\/31094","targetHints":{"allow":["GET"]}}],"collection":[{"href":"https:\/\/prizrenpost.com\/ba\/wp-json\/wp\/v2\/posts"}],"about":[{"href":"https:\/\/prizrenpost.com\/ba\/wp-json\/wp\/v2\/types\/post"}],"author":[{"embeddable":true,"href":"https:\/\/prizrenpost.com\/ba\/wp-json\/wp\/v2\/users\/1"}],"replies":[{"embeddable":true,"href":"https:\/\/prizrenpost.com\/ba\/wp-json\/wp\/v2\/comments?post=31094"}],"version-history":[{"count":1,"href":"https:\/\/prizrenpost.com\/ba\/wp-json\/wp\/v2\/posts\/31094\/revisions"}],"predecessor-version":[{"id":31096,"href":"https:\/\/prizrenpost.com\/ba\/wp-json\/wp\/v2\/posts\/31094\/revisions\/31096"}],"wp:featuredmedia":[{"embeddable":true,"href":"https:\/\/prizrenpost.com\/ba\/wp-json\/wp\/v2\/media\/31095"}],"wp:attachment":[{"href":"https:\/\/prizrenpost.com\/ba\/wp-json\/wp\/v2\/media?parent=31094"}],"wp:term":[{"taxonomy":"category","embeddable":true,"href":"https:\/\/prizrenpost.com\/ba\/wp-json\/wp\/v2\/categories?post=31094"},{"taxonomy":"post_tag","embeddable":true,"href":"https:\/\/prizrenpost.com\/ba\/wp-json\/wp\/v2\/tags?post=31094"}],"curies":[{"name":"wp","href":"https:\/\/api.w.org\/{rel}","templated":true}]}}