{"id":31124,"date":"2026-04-27T12:17:49","date_gmt":"2026-04-27T10:17:49","guid":{"rendered":"https:\/\/prizrenpost.com\/ba\/u-pristini-je-uhapsen-23-godisnji-mladic-zbog-teske-kradje\/"},"modified":"2026-04-27T12:17:50","modified_gmt":"2026-04-27T10:17:50","slug":"u-pristini-je-uhapsen-23-godisnji-mladic-zbog-teske-kradje","status":"publish","type":"post","link":"https:\/\/prizrenpost.com\/ba\/u-pristini-je-uhapsen-23-godisnji-mladic-zbog-teske-kradje\/","title":{"rendered":"U Pri\u0161tini je uhap\u0161en 23-godi\u0161nji mladi\u0107 zbog te\u0161ke kra\u0111e"},"content":{"rendered":"<p><img decoding=\"async\" src=\"https:\/\/prizrenpost.com\/ba\/wp-content\/uploads\/arrestimi-1-2-2.jpg\" style=\"width:100%;height:auto;margin-bottom:20px\">Mladi\u0107 star 23 godine, inicijala R.K, uhap\u0161en je u Pri\u0161tini zbog krivi\u010dnog dela &#8220;Kra\u0111a&#8221;. Prema policijskim informacijama, mladi\u0107 je osumnji\u010den da je izvr\u0161io te\u0161ku kra\u0111u u ku\u0107i u Pri\u0161tini, prenosi Klankosova.tv. Sa 23-godi\u0161njakom je, u koordinaciji sa dr\u017eavnim tu\u017eiocem, obavljen razgovor i potom odre\u0111en pritvor od 48 sati. U me\u0111uvremenu, nakon [&#8230;]<\/p>\n<hr style=\"margin:30px 0\">\n<p style=\"font-size:13px;color:#666\">Izvor: <strong>prizrenpost<\/strong><\/p>\n","protected":false},"excerpt":{"rendered":"<p>Mladi\u0107 star 23 godine, inicijala R.K, uhap\u0161en je u Pri\u0161tini zbog krivi\u010dnog dela &#8220;Kra\u0111a&#8221;. Prema policijskim informacijama, mladi\u0107 je osumnji\u010den da je izvr\u0161io te\u0161ku kra\u0111u u ku\u0107i u Pri\u0161tini, prenosi Klankosova.tv. Sa 23-godi\u0161njakom je, u koordinaciji sa dr\u017eavnim tu\u017eiocem, obavljen razgovor i potom odre\u0111en pritvor od 48 sati. U me\u0111uvremenu, nakon [&#8230;] Izvor: prizrenpost<\/p>\n","protected":false},"author":1,"featured_media":31125,"comment_status":"open","ping_status":"open","sticky":false,"template":"","format":"standard","meta":{"footnotes":""},"categories":[17],"tags":[],"class_list":["post-31124","post","type-post","status-publish","format-standard","has-post-thumbnail","hentry","category-17"],"views":5,"_links":{"self":[{"href":"https:\/\/prizrenpost.com\/ba\/wp-json\/wp\/v2\/posts\/31124","targetHints":{"allow":["GET"]}}],"collection":[{"href":"https:\/\/prizrenpost.com\/ba\/wp-json\/wp\/v2\/posts"}],"about":[{"href":"https:\/\/prizrenpost.com\/ba\/wp-json\/wp\/v2\/types\/post"}],"author":[{"embeddable":true,"href":"https:\/\/prizrenpost.com\/ba\/wp-json\/wp\/v2\/users\/1"}],"replies":[{"embeddable":true,"href":"https:\/\/prizrenpost.com\/ba\/wp-json\/wp\/v2\/comments?post=31124"}],"version-history":[{"count":1,"href":"https:\/\/prizrenpost.com\/ba\/wp-json\/wp\/v2\/posts\/31124\/revisions"}],"predecessor-version":[{"id":31126,"href":"https:\/\/prizrenpost.com\/ba\/wp-json\/wp\/v2\/posts\/31124\/revisions\/31126"}],"wp:featuredmedia":[{"embeddable":true,"href":"https:\/\/prizrenpost.com\/ba\/wp-json\/wp\/v2\/media\/31125"}],"wp:attachment":[{"href":"https:\/\/prizrenpost.com\/ba\/wp-json\/wp\/v2\/media?parent=31124"}],"wp:term":[{"taxonomy":"category","embeddable":true,"href":"https:\/\/prizrenpost.com\/ba\/wp-json\/wp\/v2\/categories?post=31124"},{"taxonomy":"post_tag","embeddable":true,"href":"https:\/\/prizrenpost.com\/ba\/wp-json\/wp\/v2\/tags?post=31124"}],"curies":[{"name":"wp","href":"https:\/\/api.w.org\/{rel}","templated":true}]}}