{"id":31136,"date":"2026-04-27T13:30:20","date_gmt":"2026-04-27T11:30:20","guid":{"rendered":"https:\/\/prizrenpost.com\/ba\/kurti-trazi-medjunarodni-pritisak-na-srbiju-za-nestale\/"},"modified":"2026-04-27T13:30:21","modified_gmt":"2026-04-27T11:30:21","slug":"kurti-trazi-medjunarodni-pritisak-na-srbiju-za-nestale","status":"publish","type":"post","link":"https:\/\/prizrenpost.com\/ba\/kurti-trazi-medjunarodni-pritisak-na-srbiju-za-nestale\/","title":{"rendered":"Kurti tra\u017ei me\u0111unarodni pritisak na Srbiju za nestale"},"content":{"rendered":"<p><img decoding=\"async\" src=\"https:\/\/prizrenpost.com\/ba\/wp-content\/uploads\/prizrenpostog-og-587.jpg\" style=\"width:100%;height:auto;margin-bottom:20px\"><\/p>\n<p>Premijer Aljbin Kurti, zajedno sa svojom majkom Ferdonijom iz \u0110akovice, koleginicom iz Vlade i Skup\u0161tine Kosova, odao je po\u010dast kraj spomenika, na Dan nestalih.<\/p>\n<p>Kurti je rekao da \u201eKosovo jo\u0161 tra\u017ei 1565 osoba koje se vode kao nestale, dok je pozvao me\u0111unarodni faktor da pove\u0107a pritisak na Srbiju<\/p>\n<p>\u201c da izvr\u0161i pritisak na zvani\u010dni Beograd i otkrije istinu o na\u0161im nestalima, jer oni snose odgovornost i znaju istinu. Postoji i 11 masovnih groblja, pored onih pet, koja su ve\u0107 otkrivena i za koja Srbija ne daje podatke, jer je od njih javno saop\u0161teno da ima ukupno 16 masovnih groblja. I samo u jednoj od njih koja je otkrivena, u Batajnici, imamo 744 ekshumirane nestale osobe, dok je ukupno do sada oko hiljadu Albanaca otkrivenih na masovnim grobljima u Srbiji\u201c, rekao je Kurti.<\/p>\n<p>\u0160ef vlade je izjavio da bi me\u0111unarodni, evropski i ameri\u010dki faktori trebalo da izvr\u0161e ve\u0107i pritisak na odgovorne, iako je Mean rekao da su oni odgovorni, da bi istina o Beogradu iza\u0161la na videlo. Na njihovom su\u0111enju treba u\u010diniti vi\u0161e, jer svedoci, kako je rekao, stare, \u0161to, prema Kurtu, ote\u017eava gonjenje i privo\u0111enje pravdi srpskih zlo\u010dinaca.<\/p>\n<p>\u0160ef izvr\u0161ne vlasti je rekao da Vladina komisija za nestala lica, Institut za sudsku medicinu, Kosovska policija i sve dr\u017eavne institucije ula\u017eu maksimalne napore da nestanu institucije ula\u017eu maksimalne napore. je i 11 masovnih groblja pored pet ve\u0107 otkrivenih i za koje Srbija ne daje informacije, jer je javno saop\u0161teno da postoji ukupno 16 masovnih groblja.<\/p>\n<p>Koristimo kola\u010di\u0107e za pobolj\u0161anje iskustva i za prikazivanje reklama (Google AdSense).<br \/>\n          Klikom na &#8220;Prihvati&#8221;, pristajete na kori\u0161tenje kola\u010di\u0107a u skladu sa<br \/>\n          Politika privatnosti<br \/>\n          i<br \/>\n          Politika kola\u010di\u0107a.<br \/>\n          Nepotrebne kola\u010di\u0107e mo\u017eete odbiti klikom na &#8220;Odbij&#8221;.<\/p>\n<hr style=\"margin:30px 0\">\n<p style=\"font-size:13px;color:#666\">Izvor: <strong>prizrenpost<\/strong><\/p>\n","protected":false},"excerpt":{"rendered":"<p>Premijer Aljbin Kurti, zajedno sa svojom majkom Ferdonijom iz \u0110akovice, koleginicom iz Vlade i Skup\u0161tine Kosova, odao je po\u010dast kraj spomenika, na Dan nestalih. Kurti je rekao da \u201eKosovo jo\u0161 tra\u017ei 1565 osoba koje se vode kao nestale, dok je pozvao me\u0111unarodni faktor da pove\u0107a pritisak na Srbiju \u201c da izvr\u0161i pritisak na zvani\u010dni Beograd [&hellip;]<\/p>\n","protected":false},"author":1,"featured_media":31137,"comment_status":"open","ping_status":"open","sticky":false,"template":"","format":"standard","meta":{"footnotes":""},"categories":[14],"tags":[456],"class_list":["post-31136","post","type-post","status-publish","format-standard","has-post-thumbnail","hentry","category-nacionalne","tag-aktualnost"],"views":6,"_links":{"self":[{"href":"https:\/\/prizrenpost.com\/ba\/wp-json\/wp\/v2\/posts\/31136","targetHints":{"allow":["GET"]}}],"collection":[{"href":"https:\/\/prizrenpost.com\/ba\/wp-json\/wp\/v2\/posts"}],"about":[{"href":"https:\/\/prizrenpost.com\/ba\/wp-json\/wp\/v2\/types\/post"}],"author":[{"embeddable":true,"href":"https:\/\/prizrenpost.com\/ba\/wp-json\/wp\/v2\/users\/1"}],"replies":[{"embeddable":true,"href":"https:\/\/prizrenpost.com\/ba\/wp-json\/wp\/v2\/comments?post=31136"}],"version-history":[{"count":1,"href":"https:\/\/prizrenpost.com\/ba\/wp-json\/wp\/v2\/posts\/31136\/revisions"}],"predecessor-version":[{"id":31138,"href":"https:\/\/prizrenpost.com\/ba\/wp-json\/wp\/v2\/posts\/31136\/revisions\/31138"}],"wp:featuredmedia":[{"embeddable":true,"href":"https:\/\/prizrenpost.com\/ba\/wp-json\/wp\/v2\/media\/31137"}],"wp:attachment":[{"href":"https:\/\/prizrenpost.com\/ba\/wp-json\/wp\/v2\/media?parent=31136"}],"wp:term":[{"taxonomy":"category","embeddable":true,"href":"https:\/\/prizrenpost.com\/ba\/wp-json\/wp\/v2\/categories?post=31136"},{"taxonomy":"post_tag","embeddable":true,"href":"https:\/\/prizrenpost.com\/ba\/wp-json\/wp\/v2\/tags?post=31136"}],"curies":[{"name":"wp","href":"https:\/\/api.w.org\/{rel}","templated":true}]}}