{"id":31145,"date":"2026-04-27T13:31:54","date_gmt":"2026-04-27T11:31:54","guid":{"rendered":"https:\/\/prizrenpost.com\/ba\/za-njim-se-traga-zbog-lakse-telesne-povrede-policija-objavljuje-fotografiju-urosevca\/"},"modified":"2026-04-27T13:31:56","modified_gmt":"2026-04-27T11:31:56","slug":"za-njim-se-traga-zbog-lakse-telesne-povrede-policija-objavljuje-fotografiju-urosevca","status":"publish","type":"post","link":"https:\/\/prizrenpost.com\/ba\/za-njim-se-traga-zbog-lakse-telesne-povrede-policija-objavljuje-fotografiju-urosevca\/","title":{"rendered":"Za njim se traga zbog lak\u0161e telesne povrede, policija objavljuje fotografiju Uro\u0161evca \u00a0"},"content":{"rendered":"<p><img decoding=\"async\" src=\"https:\/\/prizrenpost.com\/ba\/wp-content\/uploads\/prizrenpostvngj-og-22.jpg\" style=\"width:100%;height:auto;margin-bottom:20px\"><\/p>\n<p>Policija u Uro\u0161evcu tra\u017ei pomo\u0107 gra\u0111ana u identifikaciji osobe osumnji\u010dene za krivi\u010dno djelo &#8220;laka tjelesna povreda&#8221;.<\/p>\n<p>Slu\u010daj se, prema saop\u0161tenju policije, dogodio 10. decembra pro\u0161le godine u ulici &#8220;Ahmet Ka\u00e7iku&#8221;, u blizini tr\u017enog centra The Village, prenosi autorka WK Klankosova&gt;<\/p>\n<p>. Tu\u017eio\u010de, objavljujemo fotografiju osumnji\u010denog za koga se sumnja da je ume\u0161an u ovaj slu\u010daj Molimo sve gra\u0111ane da, ukoliko imaju bilo kakvu informaciju koja bi mogla da pomogne u identifikaciji ili lociranju ove osobe, obaveste Kosovsku policiju putem: najbli\u017ee policijske stanice ili digitalne aplikacije \u201eObavesti policiju\u201c.<\/p>\n<p>Koristimo kola\u010di\u0107e za pobolj\u0161anje iskustva i prikazivanje reklama.<br \/>\n          Klikom na &#8220;Prihvati&#8221;, pristajete na kori\u0161tenje kola\u010di\u0107a u skladu sa<br \/>\n          Politika privatnosti<br \/>\n          i<br \/>\n          Politika kola\u010di\u0107a.<br \/>\n          Nepotrebne kola\u010di\u0107e mo\u017eete odbiti klikom na &#8220;Odbij&#8221;.<\/p>\n<hr style=\"margin:30px 0\">\n<p style=\"font-size:13px;color:#666\">Izvor: <strong>prizrenpost<\/strong><\/p>\n","protected":false},"excerpt":{"rendered":"<p>Policija u Uro\u0161evcu tra\u017ei pomo\u0107 gra\u0111ana u identifikaciji osobe osumnji\u010dene za krivi\u010dno djelo &#8220;laka tjelesna povreda&#8221;. Slu\u010daj se, prema saop\u0161tenju policije, dogodio 10. decembra pro\u0161le godine u ulici &#8220;Ahmet Ka\u00e7iku&#8221;, u blizini tr\u017enog centra The Village, prenosi autorka WK Klankosova&gt; . Tu\u017eio\u010de, objavljujemo fotografiju osumnji\u010denog za koga se sumnja da je ume\u0161an u ovaj slu\u010daj [&hellip;]<\/p>\n","protected":false},"author":1,"featured_media":31146,"comment_status":"open","ping_status":"open","sticky":false,"template":"","format":"standard","meta":{"footnotes":""},"categories":[17],"tags":[],"class_list":["post-31145","post","type-post","status-publish","format-standard","has-post-thumbnail","hentry","category-17"],"views":5,"_links":{"self":[{"href":"https:\/\/prizrenpost.com\/ba\/wp-json\/wp\/v2\/posts\/31145","targetHints":{"allow":["GET"]}}],"collection":[{"href":"https:\/\/prizrenpost.com\/ba\/wp-json\/wp\/v2\/posts"}],"about":[{"href":"https:\/\/prizrenpost.com\/ba\/wp-json\/wp\/v2\/types\/post"}],"author":[{"embeddable":true,"href":"https:\/\/prizrenpost.com\/ba\/wp-json\/wp\/v2\/users\/1"}],"replies":[{"embeddable":true,"href":"https:\/\/prizrenpost.com\/ba\/wp-json\/wp\/v2\/comments?post=31145"}],"version-history":[{"count":1,"href":"https:\/\/prizrenpost.com\/ba\/wp-json\/wp\/v2\/posts\/31145\/revisions"}],"predecessor-version":[{"id":31147,"href":"https:\/\/prizrenpost.com\/ba\/wp-json\/wp\/v2\/posts\/31145\/revisions\/31147"}],"wp:featuredmedia":[{"embeddable":true,"href":"https:\/\/prizrenpost.com\/ba\/wp-json\/wp\/v2\/media\/31146"}],"wp:attachment":[{"href":"https:\/\/prizrenpost.com\/ba\/wp-json\/wp\/v2\/media?parent=31145"}],"wp:term":[{"taxonomy":"category","embeddable":true,"href":"https:\/\/prizrenpost.com\/ba\/wp-json\/wp\/v2\/categories?post=31145"},{"taxonomy":"post_tag","embeddable":true,"href":"https:\/\/prizrenpost.com\/ba\/wp-json\/wp\/v2\/tags?post=31145"}],"curies":[{"name":"wp","href":"https:\/\/api.w.org\/{rel}","templated":true}]}}