{"id":31148,"date":"2026-04-27T13:40:24","date_gmt":"2026-04-27T11:40:24","guid":{"rendered":"https:\/\/prizrenpost.com\/ba\/eu-zali-zbog-nereagovanja-srbije-u-vezi-sa-napadom-u-banjskoj\/"},"modified":"2026-04-27T13:40:25","modified_gmt":"2026-04-27T11:40:25","slug":"eu-zali-zbog-nereagovanja-srbije-u-vezi-sa-napadom-u-banjskoj","status":"publish","type":"post","link":"https:\/\/prizrenpost.com\/ba\/eu-zali-zbog-nereagovanja-srbije-u-vezi-sa-napadom-u-banjskoj\/","title":{"rendered":"EU \u017eali zbog nereagovanja Srbije u vezi sa napadom u Banjskoj"},"content":{"rendered":"<p><img decoding=\"async\" src=\"https:\/\/prizrenpost.com\/ba\/wp-content\/uploads\/Bashkimi-Evropian-BE-Bashkimi-Evropian-BE.jpg\" style=\"width:100%;height:auto;margin-bottom:20px\"><\/p>\n<p>Evropska unija je izrazila \u017ealjenje \u0161to Srbija jo\u0161 uvek nije preduzela neophodne korake da privede odgovorne za napad u Banjskoj pred lice pravde.<\/p>\n<p>Glasnogovornik EU je za Time rekao da nakon pro\u0161lonedeljne odluke u vezi sa napadom na Banjsku, nedostatak konkretnih radnji od strane Srbije i dalje zabrinjava.<\/p>\n<p>&#8220;Nakon pro\u0161lonedeljnog napada u Banjskoj jo\u0161 uvek nije doneta odluka EU o pro\u0161lonedeljnom napadu u Banjskoj, Srbija jo\u0161 nije donela odluku o tom napadu u Banjskoj od pro\u0161le nedelje&#8221;. neophodne korake da se odgovorni za napade na severu Kosova 2023. godine privedu pravdi\u201c, navodi se u odgovoru.<\/p>\n<p>Osnovni sud u Pri\u0161tini je 24. aprila osudio dvojicu optu\u017eenih Blagoja Spasojevi\u0107a i Vladimira Toli\u0107a na do\u017eivotne zatvorske kazne, dok je Du\u0161an Maksimovi\u0107 osu\u0111en na 30 godina zatvora.<\/p>\n<p>Sap nije bio prisutan. presuda, dok Maksimovi\u0107 da.<\/p>\n<p>Njih trojica su me\u0111u 42 optu\u017eena u ovom slu\u010daju.<\/p>\n<p>Naoru\u017eana grupa Srba sa te\u0161kim naoru\u017eanjem je 24. septembra 2023. godine prvo blokirala most u selu Banjsk\u00e9 u Zve\u010danu, a zatim je napala policajce koji su iza\u0161li na lice mjesta kako bi uklonili kamion s lica mjesta<\/p>\n<p>on poginuo je narednik Afrim Bunjaku, a povrije\u0111ena su jo\u0161 dva policajca.<\/p>\n<p>Prema optu\u017enici Specijalnog tu\u017eila\u0161tva, cilj napada\u010da je bio da odvoje sjever od Kosova.<\/p>\n<p>Koristimo kola\u010di\u0107e za pobolj\u0161anje iskustva i prikazivanje reklama (Google AdSense).<br \/>\n          Klikom na &#8220;Prihvati&#8221;, pristajete na kori\u0161tenje kola\u010di\u0107a u skladu sa<br \/>\n          Politika privatnosti<br \/>\n          i<br \/>\n          Politika kola\u010di\u0107a.<br \/>\n          Nepotrebne kola\u010di\u0107e mo\u017eete odbiti klikom na &#8220;Odbij&#8221;.<\/p>\n<hr style=\"margin:30px 0\">\n<p style=\"font-size:13px;color:#666\">Izvor: <strong>prizrenpost<\/strong><\/p>\n","protected":false},"excerpt":{"rendered":"<p>Evropska unija je izrazila \u017ealjenje \u0161to Srbija jo\u0161 uvek nije preduzela neophodne korake da privede odgovorne za napad u Banjskoj pred lice pravde. Glasnogovornik EU je za Time rekao da nakon pro\u0161lonedeljne odluke u vezi sa napadom na Banjsku, nedostatak konkretnih radnji od strane Srbije i dalje zabrinjava. &#8220;Nakon pro\u0161lonedeljnog napada u Banjskoj jo\u0161 uvek [&hellip;]<\/p>\n","protected":false},"author":1,"featured_media":31149,"comment_status":"open","ping_status":"open","sticky":false,"template":"","format":"standard","meta":{"footnotes":""},"categories":[14],"tags":[456],"class_list":["post-31148","post","type-post","status-publish","format-standard","has-post-thumbnail","hentry","category-nacionalne","tag-aktualnost"],"views":4,"_links":{"self":[{"href":"https:\/\/prizrenpost.com\/ba\/wp-json\/wp\/v2\/posts\/31148","targetHints":{"allow":["GET"]}}],"collection":[{"href":"https:\/\/prizrenpost.com\/ba\/wp-json\/wp\/v2\/posts"}],"about":[{"href":"https:\/\/prizrenpost.com\/ba\/wp-json\/wp\/v2\/types\/post"}],"author":[{"embeddable":true,"href":"https:\/\/prizrenpost.com\/ba\/wp-json\/wp\/v2\/users\/1"}],"replies":[{"embeddable":true,"href":"https:\/\/prizrenpost.com\/ba\/wp-json\/wp\/v2\/comments?post=31148"}],"version-history":[{"count":1,"href":"https:\/\/prizrenpost.com\/ba\/wp-json\/wp\/v2\/posts\/31148\/revisions"}],"predecessor-version":[{"id":31150,"href":"https:\/\/prizrenpost.com\/ba\/wp-json\/wp\/v2\/posts\/31148\/revisions\/31150"}],"wp:featuredmedia":[{"embeddable":true,"href":"https:\/\/prizrenpost.com\/ba\/wp-json\/wp\/v2\/media\/31149"}],"wp:attachment":[{"href":"https:\/\/prizrenpost.com\/ba\/wp-json\/wp\/v2\/media?parent=31148"}],"wp:term":[{"taxonomy":"category","embeddable":true,"href":"https:\/\/prizrenpost.com\/ba\/wp-json\/wp\/v2\/categories?post=31148"},{"taxonomy":"post_tag","embeddable":true,"href":"https:\/\/prizrenpost.com\/ba\/wp-json\/wp\/v2\/tags?post=31148"}],"curies":[{"name":"wp","href":"https:\/\/api.w.org\/{rel}","templated":true}]}}