{"id":31151,"date":"2026-04-27T13:40:29","date_gmt":"2026-04-27T11:40:29","guid":{"rendered":"https:\/\/prizrenpost.com\/ba\/srpska-spijunka-jelena-djukanovic-osudjena-je-na-6-godina-zatvora\/"},"modified":"2026-04-27T13:40:29","modified_gmt":"2026-04-27T11:40:29","slug":"srpska-spijunka-jelena-djukanovic-osudjena-je-na-6-godina-zatvora","status":"publish","type":"post","link":"https:\/\/prizrenpost.com\/ba\/srpska-spijunka-jelena-djukanovic-osudjena-je-na-6-godina-zatvora\/","title":{"rendered":"Srpska \u0161pijunka Jelena \u0110ukanovi\u0107 osu\u0111ena je na 6 godina zatvora"},"content":{"rendered":"<p>U Osnovnom sudu u Pri\u0161tini izre\u010dena je presuda biv\u0161oj radnici OEBS-a Jeleni \u0110ukanovi\u0107, koja je osu\u0111ena na 6 godina zatvora zbog krivi\u010dnog dela \u0161pijuna\u017ea.<\/p>\n<p>Na kraju, u ovom slu\u010daju se to smatra jednim od najva\u017enijih u oblasti bezbednosti koja se vodi na Kosovu.<\/p>\n<p>Komunikacija izme\u0111u Srbije i me\u0111unarodnog uticaja na Kosovo, nastavljaju informacije o srpskom uticaju na Kosovu. arena, koja uklju\u010duje elemente srpske BIA i izve\u0161taje u vezi sa OEBS-om.<\/p>\n<p>Koristimo kola\u010di\u0107e za pobolj\u0161anje iskustva i prikazivanje reklama (Google AdSense).<br \/>\n          Klikom na &#8220;Prihvati&#8221;, pristajete na kori\u0161tenje kola\u010di\u0107a u skladu sa<br \/>\n          Politika privatnosti<br \/>\n          i<br \/>\n          Politika kola\u010di\u0107a.<br \/>\n          Nepotrebne kola\u010di\u0107e mo\u017eete odbiti klikom na &#8220;Odbij&#8221;.<\/p>\n<hr style=\"margin:30px 0\">\n<p style=\"font-size:13px;color:#666\">Izvor: <strong>prizrenpost<\/strong><\/p>\n","protected":false},"excerpt":{"rendered":"<p>U Osnovnom sudu u Pri\u0161tini izre\u010dena je presuda biv\u0161oj radnici OEBS-a Jeleni \u0110ukanovi\u0107, koja je osu\u0111ena na 6 godina zatvora zbog krivi\u010dnog dela \u0161pijuna\u017ea. Na kraju, u ovom slu\u010daju se to smatra jednim od najva\u017enijih u oblasti bezbednosti koja se vodi na Kosovu. Komunikacija izme\u0111u Srbije i me\u0111unarodnog uticaja na Kosovo, nastavljaju informacije o srpskom [&hellip;]<\/p>\n","protected":false},"author":1,"featured_media":0,"comment_status":"open","ping_status":"open","sticky":false,"template":"","format":"standard","meta":{"footnotes":""},"categories":[14],"tags":[],"class_list":["post-31151","post","type-post","status-publish","format-standard","hentry","category-nacionalne"],"views":5,"_links":{"self":[{"href":"https:\/\/prizrenpost.com\/ba\/wp-json\/wp\/v2\/posts\/31151","targetHints":{"allow":["GET"]}}],"collection":[{"href":"https:\/\/prizrenpost.com\/ba\/wp-json\/wp\/v2\/posts"}],"about":[{"href":"https:\/\/prizrenpost.com\/ba\/wp-json\/wp\/v2\/types\/post"}],"author":[{"embeddable":true,"href":"https:\/\/prizrenpost.com\/ba\/wp-json\/wp\/v2\/users\/1"}],"replies":[{"embeddable":true,"href":"https:\/\/prizrenpost.com\/ba\/wp-json\/wp\/v2\/comments?post=31151"}],"version-history":[{"count":0,"href":"https:\/\/prizrenpost.com\/ba\/wp-json\/wp\/v2\/posts\/31151\/revisions"}],"wp:attachment":[{"href":"https:\/\/prizrenpost.com\/ba\/wp-json\/wp\/v2\/media?parent=31151"}],"wp:term":[{"taxonomy":"category","embeddable":true,"href":"https:\/\/prizrenpost.com\/ba\/wp-json\/wp\/v2\/categories?post=31151"},{"taxonomy":"post_tag","embeddable":true,"href":"https:\/\/prizrenpost.com\/ba\/wp-json\/wp\/v2\/tags?post=31151"}],"curies":[{"name":"wp","href":"https:\/\/api.w.org\/{rel}","templated":true}]}}