{"id":31160,"date":"2026-04-27T16:31:07","date_gmt":"2026-04-27T14:31:07","guid":{"rendered":"https:\/\/prizrenpost.com\/ba\/pocinje-sudski-proces-protiv-bivseg-predsjednika-albanije-ilira-mete\/"},"modified":"2026-04-27T16:31:08","modified_gmt":"2026-04-27T14:31:08","slug":"pocinje-sudski-proces-protiv-bivseg-predsjednika-albanije-ilira-mete","status":"publish","type":"post","link":"https:\/\/prizrenpost.com\/ba\/pocinje-sudski-proces-protiv-bivseg-predsjednika-albanije-ilira-mete\/","title":{"rendered":"Po\u010dinje sudski proces protiv biv\u0161eg predsjednika Albanije Ilira Mete"},"content":{"rendered":"<p><img decoding=\"async\" src=\"https:\/\/prizrenpost.com\/ba\/wp-content\/uploads\/Ilir-Meta-2.jpg\" style=\"width:100%;height:auto;margin-bottom:20px\"><\/p>\n<p>Sudski proces protiv biv\u0161eg predsjednika Albanije Ilira Mete, koji se nalazi u pritvoru i optu\u017een za vi\u0161e krivi\u010dnih djela, po\u010deo je danas, javlja Anadolu.<\/p>\n<p>U Specijalnom prvostepenom sudu za korupciju i organizirani kriminal (GJKKO) odr\u017eana je prva sjednica, a Meta je bio i u\u017eivo prisutan na GJK-u.<\/p>\n<p> procesu, zahtjevu o kojem sud jo\u0161 nije donio odluku.<\/p>\n<p>Advokat biv\u0161eg predsjednika Mete Kujtim \u010cakrani je u dana\u0161njoj izjavi za medije naglasio da je neprihvatljivo da se ro\u010di\u0161ta za navedeno su\u0111enje ne daju direktno javnosti.<\/p>\n<p>U me\u0111uvremenu, Metina biv\u0161a supruga Krmaje, koja je danas prvi put bila prisutna na saslu\u0161anju u Moniku, danas je bila prisutna na saslu\u0161anju u Moniku. fondacije.<\/p>\n<p>Sljede\u0107e ro\u010di\u0161te za ovaj sudski proces trebalo bi da bude odr\u017eano 11. maja.<\/p>\n<p>Sudovi u Albaniji su odbili i zahtjeve biv\u0161eg predsjednika Mete za pu\u0161tanje iz pritvora.<\/p>\n<p>&#8211; Slu\u010daj protiv biv\u0161eg predsjednika Mete<\/p>\n<p>Biv\u0161i predsjednik Mete uhap\u0161en je 21. oktobra 2002. godine, osumnji\u010denih za kriminalnu vezu sa 24 com. predmet poznat kao &#8220;ugovor o uslugama CEZ-DIA&#8221; i za &#8220;ugovore o lobiranju u SAD-u&#8221;.<\/p>\n<p>Trenutno je Meta u pritvoru. Prema Specijalnom tu\u017eila\u0161tvu za borbu protiv korupcije i organizovanog kriminala (SPAK), Meta je osumnji\u010den za pranje novca, korupciju i neprijavljivanje imovine.<\/p>\n<p>Meta, koji je trenutno predsednik opozicione stranke, Slobodarske partije, bio je na visokim pozicijama u albanskim dr\u017eavnim institucijama.<\/p>\n<p>Koristimo iskustvo u prikazu oglasa na Google-u za pobolj\u0161anje AdSense oglasa).<br \/>\n          Klikom na &#8220;Prihvati&#8221;, pristajete na kori\u0161tenje kola\u010di\u0107a u skladu sa<br \/>\n          Politika privatnosti<br \/>\n          i<br \/>\n          Politika kola\u010di\u0107a.<br \/>\n          Nepotrebne kola\u010di\u0107e mo\u017eete odbiti klikom na &#8220;Odbij&#8221;.<\/p>\n<hr style=\"margin:30px 0\">\n<p style=\"font-size:13px;color:#666\">Izvor: <strong>prizrenpost<\/strong><\/p>\n","protected":false},"excerpt":{"rendered":"<p>Sudski proces protiv biv\u0161eg predsjednika Albanije Ilira Mete, koji se nalazi u pritvoru i optu\u017een za vi\u0161e krivi\u010dnih djela, po\u010deo je danas, javlja Anadolu. U Specijalnom prvostepenom sudu za korupciju i organizirani kriminal (GJKKO) odr\u017eana je prva sjednica, a Meta je bio i u\u017eivo prisutan na GJK-u. procesu, zahtjevu o kojem sud jo\u0161 nije donio [&hellip;]<\/p>\n","protected":false},"author":1,"featured_media":31161,"comment_status":"open","ping_status":"open","sticky":false,"template":"","format":"standard","meta":{"footnotes":""},"categories":[24],"tags":[456],"class_list":["post-31160","post","type-post","status-publish","format-standard","has-post-thumbnail","hentry","category-svijet","tag-aktualnost"],"views":6,"_links":{"self":[{"href":"https:\/\/prizrenpost.com\/ba\/wp-json\/wp\/v2\/posts\/31160","targetHints":{"allow":["GET"]}}],"collection":[{"href":"https:\/\/prizrenpost.com\/ba\/wp-json\/wp\/v2\/posts"}],"about":[{"href":"https:\/\/prizrenpost.com\/ba\/wp-json\/wp\/v2\/types\/post"}],"author":[{"embeddable":true,"href":"https:\/\/prizrenpost.com\/ba\/wp-json\/wp\/v2\/users\/1"}],"replies":[{"embeddable":true,"href":"https:\/\/prizrenpost.com\/ba\/wp-json\/wp\/v2\/comments?post=31160"}],"version-history":[{"count":1,"href":"https:\/\/prizrenpost.com\/ba\/wp-json\/wp\/v2\/posts\/31160\/revisions"}],"predecessor-version":[{"id":31162,"href":"https:\/\/prizrenpost.com\/ba\/wp-json\/wp\/v2\/posts\/31160\/revisions\/31162"}],"wp:featuredmedia":[{"embeddable":true,"href":"https:\/\/prizrenpost.com\/ba\/wp-json\/wp\/v2\/media\/31161"}],"wp:attachment":[{"href":"https:\/\/prizrenpost.com\/ba\/wp-json\/wp\/v2\/media?parent=31160"}],"wp:term":[{"taxonomy":"category","embeddable":true,"href":"https:\/\/prizrenpost.com\/ba\/wp-json\/wp\/v2\/categories?post=31160"},{"taxonomy":"post_tag","embeddable":true,"href":"https:\/\/prizrenpost.com\/ba\/wp-json\/wp\/v2\/tags?post=31160"}],"curies":[{"name":"wp","href":"https:\/\/api.w.org\/{rel}","templated":true}]}}