{"id":31169,"date":"2026-04-27T16:32:31","date_gmt":"2026-04-27T14:32:31","guid":{"rendered":"https:\/\/prizrenpost.com\/ba\/samoudesa-u-baici-u-istoku-jedna-osoba-je-povredjena\/"},"modified":"2026-04-27T16:32:34","modified_gmt":"2026-04-27T14:32:34","slug":"samoudesa-u-baici-u-istoku-jedna-osoba-je-povredjena","status":"publish","type":"post","link":"https:\/\/prizrenpost.com\/ba\/samoudesa-u-baici-u-istoku-jedna-osoba-je-povredjena\/","title":{"rendered":"Samoudesa u Baici u Istoku, jedna osoba je povre\u0111ena"},"content":{"rendered":"<p><img decoding=\"async\" src=\"https:\/\/prizrenpost.com\/ba\/wp-content\/uploads\/Aksident-ne-Istog.jpg\" style=\"width:100%;height:auto;margin-bottom:20px\">Saobra\u0107ajna nesre\u0107a registrovana je danas u selu Baice u Istoku. Portparol policije za region Pe\u0107i Driton Rugova rekao je za Klankosova.tv da je jedna osoba povre\u0111ena u ovoj saobra\u0107ajnoj nesre\u0107i. Prema Rugovinim re\u010dima, povre\u0111eni je upu\u0107en na le\u010denje u Regionalnu bolnicu u Pe\u0107i. Izvor: klankosova<\/p>\n<hr style=\"margin:30px 0\">\n<p style=\"font-size:13px;color:#666\">Izvor: <strong>prizrenpost<\/strong><\/p>\n","protected":false},"excerpt":{"rendered":"<p>Saobra\u0107ajna nesre\u0107a registrovana je danas u selu Baice u Istoku. Portparol policije za region Pe\u0107i Driton Rugova rekao je za Klankosova.tv da je jedna osoba povre\u0111ena u ovoj saobra\u0107ajnoj nesre\u0107i. Prema Rugovinim re\u010dima, povre\u0111eni je upu\u0107en na le\u010denje u Regionalnu bolnicu u Pe\u0107i. Izvor: klankosova Izvor: prizrenpost<\/p>\n","protected":false},"author":1,"featured_media":31170,"comment_status":"open","ping_status":"open","sticky":false,"template":"","format":"standard","meta":{"footnotes":""},"categories":[17],"tags":[],"class_list":["post-31169","post","type-post","status-publish","format-standard","has-post-thumbnail","hentry","category-17"],"views":4,"_links":{"self":[{"href":"https:\/\/prizrenpost.com\/ba\/wp-json\/wp\/v2\/posts\/31169","targetHints":{"allow":["GET"]}}],"collection":[{"href":"https:\/\/prizrenpost.com\/ba\/wp-json\/wp\/v2\/posts"}],"about":[{"href":"https:\/\/prizrenpost.com\/ba\/wp-json\/wp\/v2\/types\/post"}],"author":[{"embeddable":true,"href":"https:\/\/prizrenpost.com\/ba\/wp-json\/wp\/v2\/users\/1"}],"replies":[{"embeddable":true,"href":"https:\/\/prizrenpost.com\/ba\/wp-json\/wp\/v2\/comments?post=31169"}],"version-history":[{"count":1,"href":"https:\/\/prizrenpost.com\/ba\/wp-json\/wp\/v2\/posts\/31169\/revisions"}],"predecessor-version":[{"id":31171,"href":"https:\/\/prizrenpost.com\/ba\/wp-json\/wp\/v2\/posts\/31169\/revisions\/31171"}],"wp:featuredmedia":[{"embeddable":true,"href":"https:\/\/prizrenpost.com\/ba\/wp-json\/wp\/v2\/media\/31170"}],"wp:attachment":[{"href":"https:\/\/prizrenpost.com\/ba\/wp-json\/wp\/v2\/media?parent=31169"}],"wp:term":[{"taxonomy":"category","embeddable":true,"href":"https:\/\/prizrenpost.com\/ba\/wp-json\/wp\/v2\/categories?post=31169"},{"taxonomy":"post_tag","embeddable":true,"href":"https:\/\/prizrenpost.com\/ba\/wp-json\/wp\/v2\/tags?post=31169"}],"curies":[{"name":"wp","href":"https:\/\/api.w.org\/{rel}","templated":true}]}}