{"id":31184,"date":"2026-04-27T17:18:15","date_gmt":"2026-04-27T15:18:15","guid":{"rendered":"https:\/\/prizrenpost.com\/ba\/holandski-gradonacelnici-pozivaju-njemacku-da-ukine-granicne-kontrole-nakon-smrtonosne-nesrece\/"},"modified":"2026-04-27T17:18:19","modified_gmt":"2026-04-27T15:18:19","slug":"holandski-gradonacelnici-pozivaju-njemacku-da-ukine-granicne-kontrole-nakon-smrtonosne-nesrece","status":"publish","type":"post","link":"https:\/\/prizrenpost.com\/ba\/holandski-gradonacelnici-pozivaju-njemacku-da-ukine-granicne-kontrole-nakon-smrtonosne-nesrece\/","title":{"rendered":"Holandski gradona\u010delnici pozivaju Njema\u010dku da ukine grani\u010dne kontrole nakon smrtonosne nesre\u0107e"},"content":{"rendered":"<p><img decoding=\"async\" src=\"https:\/\/prizrenpost.com\/ba\/wp-content\/uploads\/thumbs_b_c_61cd0cf5d757aa644e27fb3d49c43393.jpg\" style=\"width:100%;height:auto;margin-bottom:20px\"><\/p>\n<p>Holandski gradona\u010delnici o\u0161tro su kritizirali stalnu njema\u010dku grani\u010dnu kontrolu nakon fatalnog sudara vi\u0161e vozila, upozoravaju\u0107i da te mjere uzrokuju nesre\u0107e, ekonomske gubitke i da bi mogle prekr\u0161iti evropski zakon, prenosi Anadolu.<\/p>\n<p>\u0160ezdeset\u0161estogodi\u0161nji mu\u0161karac poginuo je u subotu kada se sedam vozila sudarilo sa sedam vozila u blizini njema\u010dkog kontrolnog punkta Babberow Gerich u blizini njema\u010dkog kontrolnog punkta Babberow, u blizini Holandije. \u0161iroko citiran kao faktor. saradnik. Nesre\u0107a je ponovo pokrenula debatu o kontrolama koje je Berlin uveo 2024. kako bi se obuzdala neregularna imigracija, izvje\u0161tava u nedjelju holandski dnevnik Trouw.<\/p>\n<p>Gradona\u010delnik Nijmegena Hubert Bruls nazvao je nesre\u0107e &#8220;izuzetno tragi\u010dnim&#8221;, rekav\u0161i da su teku\u0107e provjere &#8220;jo\u0161 gor\u010de&#8221;. Pozvao je Njema\u010dku da prekine ono \u0161to je opisao kao &#8220;skoro trajnu&#8221; mjeru.<\/p>\n<p>&#8220;Imao sam puno razumijevanja&#8221; kada su kontrole uvedene, rekao je Bruls, navode\u0107i veliki priliv izbjeglica i zabrinutost javnosti u to vrijeme. &#8220;Ali vi\u0161e od godinu i po kasnije, situacija je sasvim druga\u010dija&#8221;, rekao je on.<\/p>\n<p>&#8220;Pitanje koje se sada mora postaviti je da li je to jo\u0161 uvijek u skladu s evropskim pravom&#8221;, rekao je, dodaju\u0107i da pravni stru\u010dnjaci sumnjaju u njegovu valjanost.<\/p>\n<p>Gradona\u010delnik Doetinchema, Mark Boumans, tako\u0111er je izrazio razo\u010darenje, rekav\u0161i da je razo\u010darenje otkrio da je &#8220;njema\u010dka granica&#8221; propala do &#8220;niskog&#8221; rje\u0161enja. &#8220;bez izuzetno \u0161tetnih nuspojava&#8221;.<\/p>\n<p>Pograni\u010dne op\u0161tine prijavljuju pove\u0107ane poreme\u0107aje, uklju\u010duju\u0107i saobra\u0107ajne gu\u017eve, nesre\u0107e i poja\u010dan &#8220;prekidni&#8221; saobra\u0107aj kroz lokalna sela. Holandski transport i logistika procjenjuje da su ka\u0161njenja koja su uticala na robu ve\u0107 izazvala gubitke koji se kre\u0107u u milione eura.<\/p>\n<p>Uprkos sve ve\u0107im kritikama, Njema\u010dka je signalizirala da \u0107e zadr\u017eati kontrolu, a sljede\u0107a revizija se o\u010dekuje u septembru. Vlasti tvrde da je politika efikasna, pozivaju\u0107i se na policijske podatke koji pokazuju da je 3.476 ljudi pritvoreno zbog ilegalnog ulaska u periodu izme\u0111u septembra 2024. i marta 2026., sa 1.730 odbijenim ulazak i 157 osumnji\u010denih krijum\u010dara uhap\u0161eno.<\/p>\n<p>Bruls je doveo u pitanje efikasnost fiksnih kontrolnih punktova, sugeri\u0161u\u0107i da bi bilo manje efikasnih mobilnih kontrolnih punktova, a jo\u0161 vi\u0161e na kopnenim &#8220;pametnim&#8221; kontrolnim punktovima. uznemiruju\u0107e&#8221;. Kao predsjednik mre\u017ee Euregio Rhine-Waal, rekao je da \u0107e vr\u0161iti pritisak na pove\u0107anje pritiska na Berlin.<\/p>\n<p>Koristimo kola\u010di\u0107e za pobolj\u0161anje iskustva i prikazivanje oglasa (Google AdSense).<br \/>\n          Klikom na &#8220;Prihvati&#8221;, pristajete na kori\u0161tenje kola\u010di\u0107a u skladu sa<br \/>\n          Politika privatnosti<br \/>\n          i<br \/>\n          Politika kola\u010di\u0107a.<br \/>\n          Nepotrebne kola\u010di\u0107e mo\u017eete odbiti klikom na &#8220;Odbij&#8221;.<\/p>\n<hr style=\"margin:30px 0\">\n<p style=\"font-size:13px;color:#666\">Izvor: <strong>prizrenpost<\/strong><\/p>\n","protected":false},"excerpt":{"rendered":"<p>Holandski gradona\u010delnici o\u0161tro su kritizirali stalnu njema\u010dku grani\u010dnu kontrolu nakon fatalnog sudara vi\u0161e vozila, upozoravaju\u0107i da te mjere uzrokuju nesre\u0107e, ekonomske gubitke i da bi mogle prekr\u0161iti evropski zakon, prenosi Anadolu. \u0160ezdeset\u0161estogodi\u0161nji mu\u0161karac poginuo je u subotu kada se sedam vozila sudarilo sa sedam vozila u blizini njema\u010dkog kontrolnog punkta Babberow Gerich u blizini njema\u010dkog [&hellip;]<\/p>\n","protected":false},"author":1,"featured_media":31185,"comment_status":"open","ping_status":"open","sticky":false,"template":"","format":"standard","meta":{"footnotes":""},"categories":[24],"tags":[456],"class_list":["post-31184","post","type-post","status-publish","format-standard","has-post-thumbnail","hentry","category-svijet","tag-aktualnost"],"views":3,"_links":{"self":[{"href":"https:\/\/prizrenpost.com\/ba\/wp-json\/wp\/v2\/posts\/31184","targetHints":{"allow":["GET"]}}],"collection":[{"href":"https:\/\/prizrenpost.com\/ba\/wp-json\/wp\/v2\/posts"}],"about":[{"href":"https:\/\/prizrenpost.com\/ba\/wp-json\/wp\/v2\/types\/post"}],"author":[{"embeddable":true,"href":"https:\/\/prizrenpost.com\/ba\/wp-json\/wp\/v2\/users\/1"}],"replies":[{"embeddable":true,"href":"https:\/\/prizrenpost.com\/ba\/wp-json\/wp\/v2\/comments?post=31184"}],"version-history":[{"count":1,"href":"https:\/\/prizrenpost.com\/ba\/wp-json\/wp\/v2\/posts\/31184\/revisions"}],"predecessor-version":[{"id":31186,"href":"https:\/\/prizrenpost.com\/ba\/wp-json\/wp\/v2\/posts\/31184\/revisions\/31186"}],"wp:featuredmedia":[{"embeddable":true,"href":"https:\/\/prizrenpost.com\/ba\/wp-json\/wp\/v2\/media\/31185"}],"wp:attachment":[{"href":"https:\/\/prizrenpost.com\/ba\/wp-json\/wp\/v2\/media?parent=31184"}],"wp:term":[{"taxonomy":"category","embeddable":true,"href":"https:\/\/prizrenpost.com\/ba\/wp-json\/wp\/v2\/categories?post=31184"},{"taxonomy":"post_tag","embeddable":true,"href":"https:\/\/prizrenpost.com\/ba\/wp-json\/wp\/v2\/tags?post=31184"}],"curies":[{"name":"wp","href":"https:\/\/api.w.org\/{rel}","templated":true}]}}