{"id":31187,"date":"2026-04-27T17:18:28","date_gmt":"2026-04-27T15:18:28","guid":{"rendered":"https:\/\/prizrenpost.com\/ba\/iran-stoji-ujedinjen-protiv-neprijatelja\/"},"modified":"2026-04-27T17:18:40","modified_gmt":"2026-04-27T15:18:40","slug":"iran-stoji-ujedinjen-protiv-neprijatelja","status":"publish","type":"post","link":"https:\/\/prizrenpost.com\/ba\/iran-stoji-ujedinjen-protiv-neprijatelja\/","title":{"rendered":"&#8220;Iran stoji ujedinjen protiv neprijatelja&#8221;"},"content":{"rendered":"<p><img decoding=\"async\" src=\"https:\/\/prizrenpost.com\/ba\/wp-content\/uploads\/thumbs_b_c_3df06e0a0fa8c8f2b821facc81f87efc.jpg\" style=\"width:100%;height:auto;margin-bottom:20px\"><\/p>\n<p>Glasnogovornik predsjedni\u0161tva iranskog parlamenta Abbas Goudarzi rekao je da Iran stoji &#8220;ujedinjen protiv neprijatelja&#8221; usred stalnih tenzija sa SAD-om i Izraelom, izvijestila je danas dr\u017eavna novinska agencija Anadolu.<\/p>\n<p>&#8220;Nemamo razlika, mi smo jedna nacija i na\u0161 cilj je jedan. Na\u0161e zajedni\u0161tva koje postoje daleko prema\u0161uju razlike&#8221;, Goudari, Goudar. &#8220;Uloga naroda je va\u017ena. Ljudi \u010dine trg \u017eivljim i podr\u017eavaju pregovara\u010dki tim i diplomatiju. Prisutnost naroda tako\u0111er mo\u017ee utjecati na ishod pregovora sa SAD-om&#8221;, rekao je.<\/p>\n<p>Goudarzove primjedbe uslijedile su nakon \u0161to je ameri\u010dki predsjednik Donald Trump pro\u0161le sedmice produ\u017eio ono \u0161to je prvobitno bilo u aprilu, rekao je da \u0107e Pakistan prekinuti dvonedeljni prekid primirja. dok iransko rukovodstvo ne mo\u017ee donijeti jedinstvenu poziciju za stol.<\/p>\n<p>Primirjem je okon\u010dan vi\u0161esedmi\u010dni rat koji je po\u010deo ameri\u010dkim i izraelskim napadima na Iran 28. februara i pra\u0107en uzvratnim napadima Teherana.<\/p>\n<p>Va\u0161ington i Teheran odr\u017eali su pregovore u pakistanskoj prijestolnici Islamabadu. Sporazum su postigli 11. i 12. aprila, ali nisu okon\u010dali rat 11-12. Napori za jo\u0161 jednu rundu pregovora su u toku.<\/p>\n<p>Koristimo kola\u010di\u0107e za pobolj\u0161anje iskustva i prikazivanje oglasa (Google AdSense).<br \/>\n          Klikom na &#8220;Prihvati&#8221;, pristajete na kori\u0161tenje kola\u010di\u0107a u skladu sa<br \/>\n          Politika privatnosti<br \/>\n          i<br \/>\n          Politika kola\u010di\u0107a.<br \/>\n          Nepotrebne kola\u010di\u0107e mo\u017eete odbiti klikom na &#8220;Odbij&#8221;.<\/p>\n<hr style=\"margin:30px 0\">\n<p style=\"font-size:13px;color:#666\">Izvor: <strong>prizrenpost<\/strong><\/p>\n","protected":false},"excerpt":{"rendered":"<p>Glasnogovornik predsjedni\u0161tva iranskog parlamenta Abbas Goudarzi rekao je da Iran stoji &#8220;ujedinjen protiv neprijatelja&#8221; usred stalnih tenzija sa SAD-om i Izraelom, izvijestila je danas dr\u017eavna novinska agencija Anadolu. &#8220;Nemamo razlika, mi smo jedna nacija i na\u0161 cilj je jedan. Na\u0161e zajedni\u0161tva koje postoje daleko prema\u0161uju razlike&#8221;, Goudari, Goudar. &#8220;Uloga naroda je va\u017ena. Ljudi \u010dine trg [&hellip;]<\/p>\n","protected":false},"author":1,"featured_media":31188,"comment_status":"open","ping_status":"open","sticky":false,"template":"","format":"standard","meta":{"footnotes":""},"categories":[24],"tags":[456],"class_list":["post-31187","post","type-post","status-publish","format-standard","has-post-thumbnail","hentry","category-svijet","tag-aktualnost"],"views":3,"_links":{"self":[{"href":"https:\/\/prizrenpost.com\/ba\/wp-json\/wp\/v2\/posts\/31187","targetHints":{"allow":["GET"]}}],"collection":[{"href":"https:\/\/prizrenpost.com\/ba\/wp-json\/wp\/v2\/posts"}],"about":[{"href":"https:\/\/prizrenpost.com\/ba\/wp-json\/wp\/v2\/types\/post"}],"author":[{"embeddable":true,"href":"https:\/\/prizrenpost.com\/ba\/wp-json\/wp\/v2\/users\/1"}],"replies":[{"embeddable":true,"href":"https:\/\/prizrenpost.com\/ba\/wp-json\/wp\/v2\/comments?post=31187"}],"version-history":[{"count":1,"href":"https:\/\/prizrenpost.com\/ba\/wp-json\/wp\/v2\/posts\/31187\/revisions"}],"predecessor-version":[{"id":31189,"href":"https:\/\/prizrenpost.com\/ba\/wp-json\/wp\/v2\/posts\/31187\/revisions\/31189"}],"wp:featuredmedia":[{"embeddable":true,"href":"https:\/\/prizrenpost.com\/ba\/wp-json\/wp\/v2\/media\/31188"}],"wp:attachment":[{"href":"https:\/\/prizrenpost.com\/ba\/wp-json\/wp\/v2\/media?parent=31187"}],"wp:term":[{"taxonomy":"category","embeddable":true,"href":"https:\/\/prizrenpost.com\/ba\/wp-json\/wp\/v2\/categories?post=31187"},{"taxonomy":"post_tag","embeddable":true,"href":"https:\/\/prizrenpost.com\/ba\/wp-json\/wp\/v2\/tags?post=31187"}],"curies":[{"name":"wp","href":"https:\/\/api.w.org\/{rel}","templated":true}]}}