{"id":31197,"date":"2026-04-27T20:25:13","date_gmt":"2026-04-27T18:25:13","guid":{"rendered":"https:\/\/prizrenpost.com\/ba\/kurti-danas-je-opozicija-mogla-da-ima-svog-predsednika-2\/"},"modified":"2026-04-27T20:25:17","modified_gmt":"2026-04-27T18:25:17","slug":"kurti-danas-je-opozicija-mogla-da-ima-svog-predsednika-2","status":"publish","type":"post","link":"https:\/\/prizrenpost.com\/ba\/kurti-danas-je-opozicija-mogla-da-ima-svog-predsednika-2\/","title":{"rendered":"Kurti: Danas je opozicija mogla da ima svog predsednika"},"content":{"rendered":"<p><img decoding=\"async\" src=\"https:\/\/prizrenpost.com\/ba\/wp-content\/uploads\/kurti-2-1.jpg\" style=\"width:100%;height:auto;margin-bottom:20px\"><\/p>\n<p>Premijer Kosova Aljbin Kurti uzeo je re\u010d u Skup\u0161tini Kosova na vanrednoj sednici koju je sazvao Pokret Samoopredeljenje, na kojoj se raspravlja o izboru predsednika.<\/p>\n<p>Kurti je rekao da je Samoopredeljenje pozvalo Demokratsku partiju Kosova i Demokratski savez Kosova da zajedni\u010dki predlo\u017ee ime tri predsednika Kosova da zajedni\u010dki predlo\u017ee ime predsednika. &#8220;Pozvali smo PDK i LDK da zajedno predlo\u017ee tri imena i ova tri imena treba da budu objedinjuju\u0107a, konsenzusna, sa zaslugama, vrednostima i doprinosom, i da budu van aktuelne politi\u010dke scene, van ovih kontroverzi koje, na\u017ealost, uglavnom karakteri\u0161u politi\u010dko okru\u017eenje na Kosovu&#8221;, naveo je Kurti.<\/p>\n<p>Dodao je da su mnogi predstavnici stru\u010dne institucije na Kosovu i Metohiji u \u010dast kosovskih institucija. predsednika.<\/p>\n<p>&#8220;Verujem da u Republici Kosovo ima mnogo profesora i li\u010dnosti koji bi odali po\u010dast zemlji tako \u0161to bi postali predsednici Republike&#8221;, rekao je on.<\/p>\n<p>Prema Kurtiju, VV je tra\u017eio od LDK i PDK da svako predlo\u017ee jedno ime, dok se tre\u0107e podeli, tako\u0111e nude\u0107i garancije za glasanje i potpise bi prihvatili, ako bi sada\u0161nji kandidat prihvatio ovu ponudu.<\/p>\n<p> trci, napominju\u0107i da su neke li\u010dnosti izrazile spremnost da se ne kandiduju pod takvim uslovima.<\/p>\n<p>Kurti je naglasio da \u0107e na ovaj na\u010din budu\u0107i predsjednik biti rezultat dogovora opozicije i ve\u0107ine, ali je prema njegovim rije\u010dima ta ponuda odbijena.<\/p>\n<p>&#8220;Danas je opozicija mogla imati svog predsjednika&#8221;, ali je Kurti rekao da je ova ponuda odbijena.<\/p>\n<p> zainteresovani.&#8221;<\/p>\n<p>U subotu ujutro, LVV je zatra\u017eio od PDK i LDK tri imena za predsjednika, ali ne spominju\u0107i njihovu mogu\u0107u podr\u0161ku u Skup\u0161tini.<\/p>\n<p>U tom prijedlogu, LVV je spomenuo samo potpise za dovo\u0111enje kandidata u Skup\u0161tinu.<\/p>\n<p>&#8220;Ova tri kandidata moraju biti objedinjuju\u0107e li\u010dnosti, sa visokim doprinosom na gra\u0111anskoj, dru\u0161tvenoj i profesionalnoj sceni Za ovu trojicu bi bilo obezbe\u0111eno najmanje 90 potpisa poslanika Skup\u0161tine Republike Kosovo. U tom slu\u010daju, unapred su \u201ezamenik premijera i ministar spoljnih poslova i dijaspore Glauk Konjufca i poslanik dr Fatmire Mulhad\u017ea-Kol\u010daku odustali od kandidature.\u201c, re\u010deno je u subotnjem predlogu za pobolj\u0161anje kola\u010di\u0107a. i prikazne reklame (Google AdSense).<br \/>\n          Klikom na &#8220;Prihvati&#8221;, pristajete na kori\u0161tenje kola\u010di\u0107a u skladu sa<br \/>\n          Politika privatnosti<br \/>\n          i<br \/>\n          Politika kola\u010di\u0107a.<br \/>\n          Nepotrebne kola\u010di\u0107e mo\u017eete odbiti klikom na &#8220;Odbij&#8221;.<\/p>\n<hr style=\"margin:30px 0\">\n<p style=\"font-size:13px;color:#666\">Izvor: <strong>prizrenpost<\/strong><\/p>\n","protected":false},"excerpt":{"rendered":"<p>Premijer Kosova Aljbin Kurti uzeo je re\u010d u Skup\u0161tini Kosova na vanrednoj sednici koju je sazvao Pokret Samoopredeljenje, na kojoj se raspravlja o izboru predsednika. Kurti je rekao da je Samoopredeljenje pozvalo Demokratsku partiju Kosova i Demokratski savez Kosova da zajedni\u010dki predlo\u017ee ime tri predsednika Kosova da zajedni\u010dki predlo\u017ee ime predsednika. &#8220;Pozvali smo PDK i [&hellip;]<\/p>\n","protected":false},"author":1,"featured_media":31198,"comment_status":"open","ping_status":"open","sticky":false,"template":"","format":"standard","meta":{"footnotes":""},"categories":[14],"tags":[456],"class_list":["post-31197","post","type-post","status-publish","format-standard","has-post-thumbnail","hentry","category-nacionalne","tag-aktualnost"],"views":4,"_links":{"self":[{"href":"https:\/\/prizrenpost.com\/ba\/wp-json\/wp\/v2\/posts\/31197","targetHints":{"allow":["GET"]}}],"collection":[{"href":"https:\/\/prizrenpost.com\/ba\/wp-json\/wp\/v2\/posts"}],"about":[{"href":"https:\/\/prizrenpost.com\/ba\/wp-json\/wp\/v2\/types\/post"}],"author":[{"embeddable":true,"href":"https:\/\/prizrenpost.com\/ba\/wp-json\/wp\/v2\/users\/1"}],"replies":[{"embeddable":true,"href":"https:\/\/prizrenpost.com\/ba\/wp-json\/wp\/v2\/comments?post=31197"}],"version-history":[{"count":1,"href":"https:\/\/prizrenpost.com\/ba\/wp-json\/wp\/v2\/posts\/31197\/revisions"}],"predecessor-version":[{"id":31199,"href":"https:\/\/prizrenpost.com\/ba\/wp-json\/wp\/v2\/posts\/31197\/revisions\/31199"}],"wp:featuredmedia":[{"embeddable":true,"href":"https:\/\/prizrenpost.com\/ba\/wp-json\/wp\/v2\/media\/31198"}],"wp:attachment":[{"href":"https:\/\/prizrenpost.com\/ba\/wp-json\/wp\/v2\/media?parent=31197"}],"wp:term":[{"taxonomy":"category","embeddable":true,"href":"https:\/\/prizrenpost.com\/ba\/wp-json\/wp\/v2\/categories?post=31197"},{"taxonomy":"post_tag","embeddable":true,"href":"https:\/\/prizrenpost.com\/ba\/wp-json\/wp\/v2\/tags?post=31197"}],"curies":[{"name":"wp","href":"https:\/\/api.w.org\/{rel}","templated":true}]}}