{"id":31228,"date":"2026-04-27T21:50:35","date_gmt":"2026-04-27T19:50:35","guid":{"rendered":"https:\/\/prizrenpost.com\/ba\/erdogan-umjetna-inteligencija-i-robotika-donose-transformaciju-poput-industrijske-revolucije\/"},"modified":"2026-04-27T21:50:37","modified_gmt":"2026-04-27T19:50:37","slug":"erdogan-umjetna-inteligencija-i-robotika-donose-transformaciju-poput-industrijske-revolucije","status":"publish","type":"post","link":"https:\/\/prizrenpost.com\/ba\/erdogan-umjetna-inteligencija-i-robotika-donose-transformaciju-poput-industrijske-revolucije\/","title":{"rendered":"Erdogan: Umjetna inteligencija i robotika donose transformaciju poput industrijske revolucije"},"content":{"rendered":"<p><img decoding=\"async\" src=\"https:\/\/prizrenpost.com\/ba\/wp-content\/uploads\/thumbs_b_c_017a02258d14f6dcdac002d5dc118995.jpg\" style=\"width:100%;height:auto;margin-bottom:20px\"><\/p>\n<p>Turski predsjednik Recep Tayyip Erdogan rekao je u ponedjeljak da svijet prolazi kroz brzu transformaciju potaknutu tehnologijom i umjetnom inteligencijom, opisuju\u0107i to kao &#8220;val transformacije u radu, sli\u010dan industrijskoj revoluciji&#8221;, nagla\u0161avaju\u0107i da se ova promjena mora razumjeti i upravljati na pravi na\u010din, prenosi Anadolu.<\/p>\n<p>Economic Development Cooperation and the-6pe. (OECD) Samit vje\u0161tina u Istanbulu, Erdogan je rekao da se radna mjesta i proizvodnja mijenjaju brzinom, da se nove uloge pojavljuju, a druge nestaju, nagla\u0161avaju\u0107i da \u0107e ljudski kapital biti klju\u010d budu\u0107eg uspjeha zemalja.<\/p>\n<p>Podvla\u010de\u0107i brzi rast robotike i umjetne inteligencije, Erdogan je rekao da ova promjena donosi i mogu\u0107nosti i brige. \u201eGlobalno tr\u017ei\u0161te robotike, trenutno oko 100 milijardi dolara, predvi\u0111a se da \u0107e dosti\u0107i 25 biliona dolara do 2050. godine. U nekim zemljama, potpuno automatizovani proizvodni pogoni poznati kao &#8216;mra\u010dne fabrike&#8217; brzo se \u0161ire&#8221;, rekao je. Industrijski&#8221;, dodao je.<\/p>\n<p>Erdogan je tako\u0111er ukazao na strukturne nejednakosti u mnogim zemljama, nagla\u0161avaju\u0107i da \u017eene, migranti i studenti u nepovoljnom polo\u017eaju \u010desto ne mogu u potpunosti ostvariti svoj potencijal, nazivaju\u0107i ovo ne samo ekonomskim ve\u0107 i dru\u0161tvenim gubitkom.<\/p>\n<p>&#8220;Nijedna zemlja koja ostavi veliki dio svog ljudskog kapitala neiskori\u0161\u0107enim ne mo\u017ee pokrenuti&#8221;, dodao je on, koji je zaista mo\u0107an razvoj Turske<\/p>\n<p>dodao je. neformalna zaposlenost sa preko 52 posto ranih 2000-ih na 24 posto u 2025. godini, nazivaju\u0107i to najja\u010dim u\u010dinkom na tr\u017ei\u0161tu rada u posljednje 23 godine.<\/p>\n<p>Dodao je da se vizija &#8220;Stolje\u0107a Turske&#8221; temelji na ljudskom kapitalu i zahtijeva sna\u017enu saradnju izme\u0111u javnog, privatnog sektora, univerziteta, sindikata, te lokalne uprave i civilnog dru\u0161tva. tje\u0161nje integrirani s poslovnim svijetom kroz programe koji podr\u017eavaju vje\u0161tine mladih ljudi &#8220;Na\u0161 cilj je da zaposlimo 3 miliona mladih ljudi u naredne tri godine&#8221;, rekao je turski predsjednik.<\/p>\n<p>Erdogan je tako\u0111er primijetio napredak u u\u010de\u0161\u0107u \u017eena u radnoj snazi, rekav\u0161i da je u Turskoj u\u010de\u0161\u0107e \u017eena na tr\u017ei\u0161tu rada poraslo sa 27,9 posto na 5 posto, dok je broj zaposlenih \u017eena pove\u0107an na 5,3 posto. 31,7 posto i njihov udio u javnom zapo\u0161ljavanju sa 34,2 posto na 43,38 posto u proteklih 12 godina.<\/p>\n<p>Tako\u0111er je istakao nedavne zakonske reforme koje produ\u017euju porodiljsko odsustvo na 24 sedmice za zaposlene majke.<\/p>\n<p>Predsjednik je tako\u0111er ukazao na analiti\u010dke kapacitete OECD-a i njegovu ulogu u poticanju me\u0111unarodnog razdoblja i ekonomskog dijaloga u Turskoj rekao je, cijeni doprinos OECD centra u Istanbulu u tom pogledu.<\/p>\n<p>Koristimo kola\u010di\u0107e za pobolj\u0161anje iskustva i prikazivanje reklama (Google AdSense).<br \/>\n          Klikom na &#8220;Prihvati&#8221;, pristajete na kori\u0161tenje kola\u010di\u0107a u skladu sa<br \/>\n          Politika privatnosti<br \/>\n          i<br \/>\n          Politika kola\u010di\u0107a.<br \/>\n          Nepotrebne kola\u010di\u0107e mo\u017eete odbiti klikom na &#8220;Odbij&#8221;.<\/p>\n<hr style=\"margin:30px 0\">\n<p style=\"font-size:13px;color:#666\">Izvor: <strong>prizrenpost<\/strong><\/p>\n","protected":false},"excerpt":{"rendered":"<p>Turski predsjednik Recep Tayyip Erdogan rekao je u ponedjeljak da svijet prolazi kroz brzu transformaciju potaknutu tehnologijom i umjetnom inteligencijom, opisuju\u0107i to kao &#8220;val transformacije u radu, sli\u010dan industrijskoj revoluciji&#8221;, nagla\u0161avaju\u0107i da se ova promjena mora razumjeti i upravljati na pravi na\u010din, prenosi Anadolu. Economic Development Cooperation and the-6pe. (OECD) Samit vje\u0161tina u Istanbulu, Erdogan [&hellip;]<\/p>\n","protected":false},"author":1,"featured_media":31229,"comment_status":"open","ping_status":"open","sticky":false,"template":"","format":"standard","meta":{"footnotes":""},"categories":[24],"tags":[456],"class_list":["post-31228","post","type-post","status-publish","format-standard","has-post-thumbnail","hentry","category-svijet","tag-aktualnost"],"views":3,"_links":{"self":[{"href":"https:\/\/prizrenpost.com\/ba\/wp-json\/wp\/v2\/posts\/31228","targetHints":{"allow":["GET"]}}],"collection":[{"href":"https:\/\/prizrenpost.com\/ba\/wp-json\/wp\/v2\/posts"}],"about":[{"href":"https:\/\/prizrenpost.com\/ba\/wp-json\/wp\/v2\/types\/post"}],"author":[{"embeddable":true,"href":"https:\/\/prizrenpost.com\/ba\/wp-json\/wp\/v2\/users\/1"}],"replies":[{"embeddable":true,"href":"https:\/\/prizrenpost.com\/ba\/wp-json\/wp\/v2\/comments?post=31228"}],"version-history":[{"count":1,"href":"https:\/\/prizrenpost.com\/ba\/wp-json\/wp\/v2\/posts\/31228\/revisions"}],"predecessor-version":[{"id":31230,"href":"https:\/\/prizrenpost.com\/ba\/wp-json\/wp\/v2\/posts\/31228\/revisions\/31230"}],"wp:featuredmedia":[{"embeddable":true,"href":"https:\/\/prizrenpost.com\/ba\/wp-json\/wp\/v2\/media\/31229"}],"wp:attachment":[{"href":"https:\/\/prizrenpost.com\/ba\/wp-json\/wp\/v2\/media?parent=31228"}],"wp:term":[{"taxonomy":"category","embeddable":true,"href":"https:\/\/prizrenpost.com\/ba\/wp-json\/wp\/v2\/categories?post=31228"},{"taxonomy":"post_tag","embeddable":true,"href":"https:\/\/prizrenpost.com\/ba\/wp-json\/wp\/v2\/tags?post=31228"}],"curies":[{"name":"wp","href":"https:\/\/api.w.org\/{rel}","templated":true}]}}