{"id":31252,"date":"2026-04-27T22:20:39","date_gmt":"2026-04-27T20:20:39","guid":{"rendered":"https:\/\/prizrenpost.com\/ba\/njemacka-kancelarka-kritizira-sad-i-izrael-zbog-produzenog-rata-s-iranom\/"},"modified":"2026-04-27T22:20:40","modified_gmt":"2026-04-27T20:20:40","slug":"njemacka-kancelarka-kritizira-sad-i-izrael-zbog-produzenog-rata-s-iranom","status":"publish","type":"post","link":"https:\/\/prizrenpost.com\/ba\/njemacka-kancelarka-kritizira-sad-i-izrael-zbog-produzenog-rata-s-iranom\/","title":{"rendered":"Njema\u010dka kancelarka kritizira SAD i Izrael zbog produ\u017eenog rata s Iranom"},"content":{"rendered":"<p><img decoding=\"async\" src=\"https:\/\/prizrenpost.com\/ba\/wp-content\/uploads\/thumbs_b_c_b0de5cb4e05136b218e559b67581ce92.jpg\" style=\"width:100%;height:auto;margin-bottom:20px\"><\/p>\n<p>Njema\u010dki kancelar Friedrich Merz poja\u010dao je kritike SAD-a i Izraela zbog dugotrajnog rata s Iranom i obe\u0107ao da \u0107e Evropljani intenzivirati diplomatske napore u pronala\u017eenju rje\u0161enja, prenosi Anadolu.<\/p>\n<p>&#8220;\u0160to se Irana ti\u010de, da, razo\u010daran sam&#8221;, rekao je Merz na konferenciji za novinare na konferenciji za novinare u kojoj je pitao o njegovoj ranijoj strategiji u Berlinu, a na pitanje o ameri\u010dkoj strategiji u Berlinu, kada je upitan o ameri\u010dkoj strategiji u Berlinu. Amerikanci su &#8220;poni\u017eeni&#8221;. iz Teherana.<\/p>\n<p>&#8220;SAD i Izrael su od po\u010detka pretpostavljali da \u0107e ovaj problem biti rije\u0161en za nekoliko dana, a sada moramo priznati da se to nije dogodilo&#8221;, rekla je kancelarka. &#8220;Zato mi s evropske strane \u017eelimo diplomatski doprinijeti pronala\u017eenju rje\u0161enja&#8221;, dodao je.<\/p>\n<p>Konzervativni lider je napomenuo da je Njema\u010dka nastavila direktne pregovore s Iranom i da se konsultuje sa regionalnim partnerima kako bi podr\u017eala diplomatske inicijative usmjerene na rje\u0161avanje sukoba.<\/p>\n<p>&#8220;Blisko koordiniramo s ameri\u010dkom stranom kako bismo postigli na\u0161u vlastitu ideju po ovom pitanju, ali imamo vlastitu ideju o tome kako da postignemo vlastitu ideju o ovom pitanju&#8221;, rekao je on. rje\u0161enje.&#8221; sukoba&#8221;, rekao je Merz. &#8220;Nadam se da \u0107emo uspjeti, ali nisam siguran&#8221;, zaklju\u010dio je.<\/p>\n<p>Koristimo kola\u010di\u0107e za pobolj\u0161anje iskustva i prikazivanje oglasa (Google AdSense).<br \/>\n          Klikom na &#8220;Prihvati&#8221;, pristajete na kori\u0161tenje kola\u010di\u0107a u skladu sa<br \/>\n          Politika privatnosti<br \/>\n          i<br \/>\n          Politika kola\u010di\u0107a.<br \/>\n          Nepotrebne kola\u010di\u0107e mo\u017eete odbiti klikom na &#8220;Odbij&#8221;.<\/p>\n<hr style=\"margin:30px 0\">\n<p style=\"font-size:13px;color:#666\">Izvor: <strong>prizrenpost<\/strong><\/p>\n","protected":false},"excerpt":{"rendered":"<p>Njema\u010dki kancelar Friedrich Merz poja\u010dao je kritike SAD-a i Izraela zbog dugotrajnog rata s Iranom i obe\u0107ao da \u0107e Evropljani intenzivirati diplomatske napore u pronala\u017eenju rje\u0161enja, prenosi Anadolu. &#8220;\u0160to se Irana ti\u010de, da, razo\u010daran sam&#8221;, rekao je Merz na konferenciji za novinare na konferenciji za novinare u kojoj je pitao o njegovoj ranijoj strategiji u [&hellip;]<\/p>\n","protected":false},"author":1,"featured_media":31253,"comment_status":"open","ping_status":"open","sticky":false,"template":"","format":"standard","meta":{"footnotes":""},"categories":[24],"tags":[456],"class_list":["post-31252","post","type-post","status-publish","format-standard","has-post-thumbnail","hentry","category-svijet","tag-aktualnost"],"views":15,"_links":{"self":[{"href":"https:\/\/prizrenpost.com\/ba\/wp-json\/wp\/v2\/posts\/31252","targetHints":{"allow":["GET"]}}],"collection":[{"href":"https:\/\/prizrenpost.com\/ba\/wp-json\/wp\/v2\/posts"}],"about":[{"href":"https:\/\/prizrenpost.com\/ba\/wp-json\/wp\/v2\/types\/post"}],"author":[{"embeddable":true,"href":"https:\/\/prizrenpost.com\/ba\/wp-json\/wp\/v2\/users\/1"}],"replies":[{"embeddable":true,"href":"https:\/\/prizrenpost.com\/ba\/wp-json\/wp\/v2\/comments?post=31252"}],"version-history":[{"count":1,"href":"https:\/\/prizrenpost.com\/ba\/wp-json\/wp\/v2\/posts\/31252\/revisions"}],"predecessor-version":[{"id":31254,"href":"https:\/\/prizrenpost.com\/ba\/wp-json\/wp\/v2\/posts\/31252\/revisions\/31254"}],"wp:featuredmedia":[{"embeddable":true,"href":"https:\/\/prizrenpost.com\/ba\/wp-json\/wp\/v2\/media\/31253"}],"wp:attachment":[{"href":"https:\/\/prizrenpost.com\/ba\/wp-json\/wp\/v2\/media?parent=31252"}],"wp:term":[{"taxonomy":"category","embeddable":true,"href":"https:\/\/prizrenpost.com\/ba\/wp-json\/wp\/v2\/categories?post=31252"},{"taxonomy":"post_tag","embeddable":true,"href":"https:\/\/prizrenpost.com\/ba\/wp-json\/wp\/v2\/tags?post=31252"}],"curies":[{"name":"wp","href":"https:\/\/api.w.org\/{rel}","templated":true}]}}