{"id":31255,"date":"2026-04-27T22:20:45","date_gmt":"2026-04-27T20:20:45","guid":{"rendered":"https:\/\/prizrenpost.com\/ba\/turska-poziva-muslimanska-drustva-da-povrate-kontrolu-nad-svojim-narativom\/"},"modified":"2026-04-27T22:20:46","modified_gmt":"2026-04-27T20:20:46","slug":"turska-poziva-muslimanska-drustva-da-povrate-kontrolu-nad-svojim-narativom","status":"publish","type":"post","link":"https:\/\/prizrenpost.com\/ba\/turska-poziva-muslimanska-drustva-da-povrate-kontrolu-nad-svojim-narativom\/","title":{"rendered":"Turska poziva muslimanska dru\u0161tva da povrate kontrolu nad svojim narativom"},"content":{"rendered":"<p><img decoding=\"async\" src=\"https:\/\/prizrenpost.com\/ba\/wp-content\/uploads\/Burhanettin-Duran-1-1.jpg\" style=\"width:100%;height:auto;margin-bottom:20px\"><\/p>\n<p>\u0160ef za komunikacije Turske, Burhanettin Duran, pozvao je muslimanska dru\u0161tva da povrate kontrolu nad svojim narativima, upozoravaju\u0107i da se me\u0111unarodni poredak suo\u010dava s krizom legitimiteta bez presedana i da su oni koji su ga izgradili sada me\u0111u njegovim glavnim saboterima.<\/p>\n<p>Govore\u0107i na Muslimanskom Influence Forumu 202, Dugo je rekao da je prof. izvan uobi\u010dajenih promjena prethodnih decenija.<\/p>\n<p>\u201eRatovi, genocidi, pandemije i erozija povjerenja u me\u0111unarodne institucije i norme jasno ukazuju na to da je pre\u0111en kriti\u010dni prag\u201c, rekao je on, dodaju\u0107i da me\u0111unarodna zajednica nema jasnu viziju za budu\u0107nost.<\/p>\n<p>Durani je identificirao ono \u0161to je nazvao klju\u010dnim pokazateljima, navode\u0107i da su neki od klju\u010dnih pokazatelja pove\u0107anja sistemske odgovornosti i sloma mo\u0107i da se preuzmu. akteri globalnog poretka postali su njegovi glavni razbija\u010di.<\/p>\n<p>Tako\u0111er je naglasio slabljenje efikasnosti institucija stvorenih za odr\u017eavanje stabilnosti i rje\u0161avanje konflikata.<\/p>\n<p>Prema njegovim rije\u010dima, transformacija je vidljiva i na polju komunikacije, uz tvrdnju da je svijet pre\u0161ao iz &#8220;doba komunikacije&#8221; u ono \u0161to je nazvao &#8220;dobom komunikacije&#8221; u ono \u0161to je on nazvao &#8220;novo doba&#8221; &gt;<\/p>\n<p>doba vi\u0161e nije. samo o komunikaciji, ve\u0107 o tome kako se realnost oblikuje, tuma\u010di i na kraju prihva\u0107a od strane globalnog javnog mnijenja&#8221;, rekao je Durani.<\/p>\n<p>Dodao je da, iako poruke sada mogu do\u0107i do globalne publike u roku od nekoliko sekundi, ova brzina tako\u0111er donosi rizike kao \u0161to su dezinformacije, manipulacija i zamagljivanje linija izme\u0111u istine i la\u017ei.<\/p>\n<p>Durani je tako\u0111er rekao da se sukobi vi\u0161e ne razvijaju kroz percepciju i informacije. Upozorio je da su la\u017eni video snimci, manipulirani sadr\u017eaj i organizirane propagandne mre\u017ee postale sredi\u0161nje obilje\u017eje modernih sukoba.<\/p>\n<p>&#8220;Kao direktor komunikacija, mi vidimo stvaranje informacijskog ekosistema zasnovanog na ta\u010dnim, provjerenim i pouzdanim podacima kao jedan od na\u0161ih glavnih prioriteta&#8221;, rekao je.<\/p>\n<p>Isti\u010du\u0107i ulogu turske dr\u017eave u medijima, Durani je rekao da je me\u0111unarodna mirovna akcija u medijima i me\u0111unarodnu saradnju, rekao je Durani. u nekoliko kriza. velike, uklju\u010duju\u0107i one u Iraku, Siriji, Ju\u017enom Kavkazu, Ukrajini i Gazi.<\/p>\n<p>Dodao je da je poruka predsjednika Recepa Tayyipa Erdo\u011fana da je &#8220;svijet ve\u0107i od pet&#8221; direktan odgovor na strukturalne nejednakosti u globalnom sistemu.<\/p>\n<p>Muslimanska dru\u0161tva kao postavlja\u010di normi tako\u0111er su postavili norme. dru\u0161tva u oblikovanju me\u0111unarodnog poretka, napominju\u0107i da su u velikoj mjeri bila isklju\u010dena iz procesa dono\u0161enja odluka kada je sistem stvoren prije nekoliko decenija.<\/p>\n<p>On se osvrnuo na djela Edwarda Saida, posebno &#8220;Orijentalizam&#8221; i &#8220;Pokrivanje islama&#8221;, tvrde\u0107i da su zapadni narativi dugo oblikovali percepciju islamskog svijeta tako da muslimanska komunikacija mora pomaknuti dalje od muslimanske komunikacije.<\/p>\n<p>Turkeef. odbrambene pozicije nametnute onim \u0161to je opisao kao zapadnocentri\u010dno razmi\u0161ljanje i umjesto toga postaju postavlja\u010di normi u novom globalnom poretku u nastajanju.<\/p>\n<p>&#8220;Dana\u0161nji period tranzicije predstavlja ne samo rizike, ve\u0107 i mogu\u0107nosti&#8221;, rekao je on.<\/p>\n<p>&#8220;Moramo vratiti na\u0161e vrijednosti sistemu i prevladati odbrambene pristupe oblikovane eurocentri\u010dnom perspektivom i eurocentri\u010dnom perspektivom.<\/p>\n<p>&#8221; ulogu tehnolo\u0161kih kompanija, lobisti\u010dkih grupa, obavje\u0161tajnih mre\u017ea i nekontroliranih digitalnih platformi u oblikovanju globalnih narativa, rekav\u0161i da oni uti\u010du na to koji sukobi privla\u010de pa\u017enju i koji se glasovi \u010duju.<\/p>\n<p>Istovremeno, rekao je da ovo okru\u017eenje nudi priliku muslimanskim dru\u0161tvima da povrate i artikuliraju svoje pri\u010de.<\/p>\n<p> rekao je.<\/p>\n<p>&#8220;I ako drugi ispri\u010daju na\u0161u pri\u010du, oni \u0107e definirati na\u0161e mjesto u svijetu.&#8221;<\/p>\n<p>Pozvao je na \u010dvr\u0161\u0107u saradnju izme\u0111u vlada, civilnog dru\u0161tva, akademika, novinara i umjetnika, kao i na ve\u0107e ulaganje u digitalno obrazovanje i institucije koje se bore protiv dezinformacija.<\/p>\n<p>Durani je izrazio nadu da \u0107e dijalog i saradnja \u0161irom svijeta doprinijeti ja\u010danju pozitivnog muslimanskog foruma u cijelom svijetu na me\u0111unarodnom forumu u svijetu. zajednica.<\/p>\n<p>Koristimo kola\u010di\u0107e za pobolj\u0161anje iskustva i prikaz oglasa (Google AdSense).<br \/>\n          Klikom na &#8220;Prihvati&#8221;, pristajete na kori\u0161tenje kola\u010di\u0107a u skladu sa<br \/>\n          Politika privatnosti<br \/>\n          i<br \/>\n          Politika kola\u010di\u0107a.<br \/>\n          Nepotrebne kola\u010di\u0107e mo\u017eete odbiti klikom na &#8220;Odbij&#8221;.<\/p>\n<hr style=\"margin:30px 0\">\n<p style=\"font-size:13px;color:#666\">Izvor: <strong>prizrenpost<\/strong><\/p>\n","protected":false},"excerpt":{"rendered":"<p>\u0160ef za komunikacije Turske, Burhanettin Duran, pozvao je muslimanska dru\u0161tva da povrate kontrolu nad svojim narativima, upozoravaju\u0107i da se me\u0111unarodni poredak suo\u010dava s krizom legitimiteta bez presedana i da su oni koji su ga izgradili sada me\u0111u njegovim glavnim saboterima. Govore\u0107i na Muslimanskom Influence Forumu 202, Dugo je rekao da je prof. izvan uobi\u010dajenih promjena [&hellip;]<\/p>\n","protected":false},"author":1,"featured_media":31256,"comment_status":"open","ping_status":"open","sticky":false,"template":"","format":"standard","meta":{"footnotes":""},"categories":[24],"tags":[456],"class_list":["post-31255","post","type-post","status-publish","format-standard","has-post-thumbnail","hentry","category-svijet","tag-aktualnost"],"views":17,"_links":{"self":[{"href":"https:\/\/prizrenpost.com\/ba\/wp-json\/wp\/v2\/posts\/31255","targetHints":{"allow":["GET"]}}],"collection":[{"href":"https:\/\/prizrenpost.com\/ba\/wp-json\/wp\/v2\/posts"}],"about":[{"href":"https:\/\/prizrenpost.com\/ba\/wp-json\/wp\/v2\/types\/post"}],"author":[{"embeddable":true,"href":"https:\/\/prizrenpost.com\/ba\/wp-json\/wp\/v2\/users\/1"}],"replies":[{"embeddable":true,"href":"https:\/\/prizrenpost.com\/ba\/wp-json\/wp\/v2\/comments?post=31255"}],"version-history":[{"count":1,"href":"https:\/\/prizrenpost.com\/ba\/wp-json\/wp\/v2\/posts\/31255\/revisions"}],"predecessor-version":[{"id":31257,"href":"https:\/\/prizrenpost.com\/ba\/wp-json\/wp\/v2\/posts\/31255\/revisions\/31257"}],"wp:featuredmedia":[{"embeddable":true,"href":"https:\/\/prizrenpost.com\/ba\/wp-json\/wp\/v2\/media\/31256"}],"wp:attachment":[{"href":"https:\/\/prizrenpost.com\/ba\/wp-json\/wp\/v2\/media?parent=31255"}],"wp:term":[{"taxonomy":"category","embeddable":true,"href":"https:\/\/prizrenpost.com\/ba\/wp-json\/wp\/v2\/categories?post=31255"},{"taxonomy":"post_tag","embeddable":true,"href":"https:\/\/prizrenpost.com\/ba\/wp-json\/wp\/v2\/tags?post=31255"}],"curies":[{"name":"wp","href":"https:\/\/api.w.org\/{rel}","templated":true}]}}