{"id":31822,"date":"2026-04-30T16:30:49","date_gmt":"2026-04-30T14:30:49","guid":{"rendered":"https:\/\/prizrenpost.com\/ba\/vanredni-izbori-se-odrzavaju-7-juna\/"},"modified":"2026-04-30T16:30:51","modified_gmt":"2026-04-30T14:30:51","slug":"vanredni-izbori-se-odrzavaju-7-juna","status":"publish","type":"post","link":"https:\/\/prizrenpost.com\/ba\/vanredni-izbori-se-odrzavaju-7-juna\/","title":{"rendered":"Vanredni izbori se odr\u017eavaju 7. juna"},"content":{"rendered":"<p><img decoding=\"async\" src=\"https:\/\/prizrenpost.com\/ba\/wp-content\/uploads\/haxhiu-1-1.jpg\" style=\"width:100%;height:auto;margin-bottom:20px\"><\/p>\n<p>Vd predsjednice Albulena Haxhiu odredila je 7. jun kao datum odr\u017eavanja novih parlamentarnih izbora na Kosovu.<\/p>\n<p>Haxhiu je najavila da ova odluka dolazi nakon neuspjeha Skup\u0161tine da izabere predsjednika, \u0161to prema njenim rije\u010dima automatski vodi dr\u017eavu ka vanrednim izborima u ustavnim rokovima.<\/p>\n<p>&#8220;Izborom Skup\u0161tine se smatra neuspehom Skup\u0161tine, nakon neuspeha Skup\u0161tine se smatra izborom koji, prema njenim re\u010dima, automatski vodi ka vanrednim izborima.<\/p>\n<p>&#8221; raspu\u0161teni i izbori moraju biti odr\u017eani u roku od 45 dana. Ju\u010der sam se sastao sa predsjedavaju\u0107im Kre\u0161nikom, sa kojim smo razgovarali o izborima, nakon procjene organizacionih potreba CIK-a, odlu\u010dio sam da se prijevremeni izbori odr\u017ee 7. juna.<\/p>\n<p> \u017eele, jer o\u010dekuju jedinstvo, stabilne institucije, a ne suprotno&#8221;, rekla je ona.<\/p>\n<p>Haxhiu je naglasila da zemlja nema vremena za gubljenje i da odgovornost pada na sve politi\u010dke aktere.<\/p>\n<p>&#8220;Pred nama je puno posla i nemamo udobnost gubljenja vremena. U demokratiji, kada je institucionalni put blokiran, rije\u010d se vra\u0107a gra\u0111anima. Odgovornost je sva\u010dija.&#8221;<\/p>\n<p>Na kraju je ocenila kapacitet Kosova za organizovanje izbora.<\/p>\n<p>&#8220;Kosovo je dokazalo da ume da organizuje slobodne, demokratske i pouzdane izborne procese&#8221;, zaklju\u010dio je Had\u017eiju.<\/p>\n<p>Koristimo kola\u010di\u0107e za pobolj\u0161anje iskustva i prikazivanje reklama (Google AdSense).<br \/>\n          Klikom na &#8220;Prihvati&#8221;, pristajete na kori\u0161tenje kola\u010di\u0107a u skladu sa<br \/>\n          Politika privatnosti<br \/>\n          i<br \/>\n          Politika kola\u010di\u0107a.<br \/>\n          Nepotrebne kola\u010di\u0107e mo\u017eete odbiti klikom na &#8220;Odbij&#8221;.<\/p>\n<hr style=\"margin:30px 0\">\n<p style=\"font-size:13px;color:#666\">Izvor: <strong>prizrenpost<\/strong><\/p>\n","protected":false},"excerpt":{"rendered":"<p>Vd predsjednice Albulena Haxhiu odredila je 7. jun kao datum odr\u017eavanja novih parlamentarnih izbora na Kosovu. Haxhiu je najavila da ova odluka dolazi nakon neuspjeha Skup\u0161tine da izabere predsjednika, \u0161to prema njenim rije\u010dima automatski vodi dr\u017eavu ka vanrednim izborima u ustavnim rokovima. &#8220;Izborom Skup\u0161tine se smatra neuspehom Skup\u0161tine, nakon neuspeha Skup\u0161tine se smatra izborom koji, [&hellip;]<\/p>\n","protected":false},"author":1,"featured_media":31823,"comment_status":"open","ping_status":"open","sticky":false,"template":"","format":"standard","meta":{"footnotes":""},"categories":[14],"tags":[456],"class_list":["post-31822","post","type-post","status-publish","format-standard","has-post-thumbnail","hentry","category-nacionalne","tag-aktualnost"],"views":4,"_links":{"self":[{"href":"https:\/\/prizrenpost.com\/ba\/wp-json\/wp\/v2\/posts\/31822","targetHints":{"allow":["GET"]}}],"collection":[{"href":"https:\/\/prizrenpost.com\/ba\/wp-json\/wp\/v2\/posts"}],"about":[{"href":"https:\/\/prizrenpost.com\/ba\/wp-json\/wp\/v2\/types\/post"}],"author":[{"embeddable":true,"href":"https:\/\/prizrenpost.com\/ba\/wp-json\/wp\/v2\/users\/1"}],"replies":[{"embeddable":true,"href":"https:\/\/prizrenpost.com\/ba\/wp-json\/wp\/v2\/comments?post=31822"}],"version-history":[{"count":1,"href":"https:\/\/prizrenpost.com\/ba\/wp-json\/wp\/v2\/posts\/31822\/revisions"}],"predecessor-version":[{"id":31824,"href":"https:\/\/prizrenpost.com\/ba\/wp-json\/wp\/v2\/posts\/31822\/revisions\/31824"}],"wp:featuredmedia":[{"embeddable":true,"href":"https:\/\/prizrenpost.com\/ba\/wp-json\/wp\/v2\/media\/31823"}],"wp:attachment":[{"href":"https:\/\/prizrenpost.com\/ba\/wp-json\/wp\/v2\/media?parent=31822"}],"wp:term":[{"taxonomy":"category","embeddable":true,"href":"https:\/\/prizrenpost.com\/ba\/wp-json\/wp\/v2\/categories?post=31822"},{"taxonomy":"post_tag","embeddable":true,"href":"https:\/\/prizrenpost.com\/ba\/wp-json\/wp\/v2\/tags?post=31822"}],"curies":[{"name":"wp","href":"https:\/\/api.w.org\/{rel}","templated":true}]}}